{"id":779,"date":"2017-09-21T09:44:59","date_gmt":"2017-09-21T07:44:59","guid":{"rendered":"http:\/\/www.ventacan.com\/blog\/?p=779"},"modified":"2017-09-21T09:46:03","modified_gmt":"2017-09-21T07:46:03","slug":"ventacan-colabora-con-el-campus-de-alcoy-de-la-upv-para-impulsar-la-creatividad-y-los-nuevos-talentos","status":"publish","type":"post","link":"https:\/\/www.nbventacan.com\/blog\/ventacan-colabora-con-el-campus-de-alcoy-de-la-upv-para-impulsar-la-creatividad-y-los-nuevos-talentos\/","title":{"rendered":"Ventacan colabora con el Campus de Alcoy de la UPV  para impulsar la creatividad y los nuevos talentos"},"content":{"rendered":"<p>Durante el pasado curso acad\u00e9mico Ventacan, a trav\u00e9s de nuestra oficina t\u00e9cnica E-VEN, ha participado en el proyecto RETOS del Campus de Alcoy de la Universidad Polit\u00e9cnica de Valencia.<\/p>\n<p>Se trata de un workshop realizado por alumnos en colaboraci\u00f3n con los profesores, cuya finalidad ha sido el desarrollo de un proyecto, aplicando la metodolog\u00eda de trabajo en grupo entre distintos Grados del Campus.<\/p>\n<p>Con este prop\u00f3sito, los alumnos experimentaron las diferentes fases del proyecto, desde la ideaci\u00f3n y creaci\u00f3n, y algo innovador como la incorporaci\u00f3n de elementos el\u00e9ctricos y electr\u00f3nicos, hasta la fabricaci\u00f3n, sin renunciar al dise\u00f1o. El objetivo final fue participar en la Feria Ventura Lambrate y tener un contacto real con el mundo profesional.<\/p>\n<p><img loading=\"lazy\" decoding=\"async\" class=\"aligncenter size-large wp-image-781\" src=\"http:\/\/www.ventacan.com\/blog\/wp-content\/uploads\/2017\/09\/1campus-alcoi-ventacan-1024x561.jpg\" alt=\"campus-alcoy-ventacan\" width=\"640\" height=\"351\" srcset=\"https:\/\/www.nbventacan.com\/blog\/wp-content\/uploads\/2017\/09\/1campus-alcoi-ventacan-1024x561.jpg 1024w, https:\/\/www.nbventacan.com\/blog\/wp-content\/uploads\/2017\/09\/1campus-alcoi-ventacan-300x164.jpg 300w, https:\/\/www.nbventacan.com\/blog\/wp-content\/uploads\/2017\/09\/1campus-alcoi-ventacan-768x421.jpg 768w, https:\/\/www.nbventacan.com\/blog\/wp-content\/uploads\/2017\/09\/1campus-alcoi-ventacan-700x384.jpg 700w, https:\/\/www.nbventacan.com\/blog\/wp-content\/uploads\/2017\/09\/1campus-alcoi-ventacan.jpg 1100w\" sizes=\"auto, (max-width: 640px) 100vw, 640px\" \/><\/p>\n<p>Ventacan ha colaborado en la colecci\u00f3n Fortezza, de mobiliario urbano. Esta colecci\u00f3n propone un nuevo concepto de uso para exterior. Su versatilidad permite crear nuevas \u00e1reas y zonas de descanso al aire libre. Sus formas l\u00f3gicas y simples presentan una combinaci\u00f3n integrada de nuevos materiales como el aluminio y el polipropileno, no empleados habitualmente en este tipo de mobiliario.<\/p>\n<p><img loading=\"lazy\" decoding=\"async\" class=\"aligncenter size-large wp-image-782\" src=\"http:\/\/www.ventacan.com\/blog\/wp-content\/uploads\/2017\/09\/exposicion-upv-1024x768.jpg\" alt=\"exposicion-upv\" width=\"640\" height=\"480\" srcset=\"https:\/\/www.nbventacan.com\/blog\/wp-content\/uploads\/2017\/09\/exposicion-upv-1024x768.jpg 1024w, https:\/\/www.nbventacan.com\/blog\/wp-content\/uploads\/2017\/09\/exposicion-upv-300x225.jpg 300w, https:\/\/www.nbventacan.com\/blog\/wp-content\/uploads\/2017\/09\/exposicion-upv-768x576.jpg 768w, https:\/\/www.nbventacan.com\/blog\/wp-content\/uploads\/2017\/09\/exposicion-upv-700x525.jpg 700w, https:\/\/www.nbventacan.com\/blog\/wp-content\/uploads\/2017\/09\/exposicion-upv.jpg 1100w\" sizes=\"auto, (max-width: 640px) 100vw, 640px\" \/>\u00a0\u00a0<img loading=\"lazy\" decoding=\"async\" class=\"aligncenter size-full wp-image-786\" src=\"http:\/\/www.ventacan.com\/blog\/wp-content\/uploads\/2017\/09\/fortezza-ventacan.jpg\" alt=\"fortezza-ventacan\" width=\"804\" height=\"614\" srcset=\"https:\/\/www.nbventacan.com\/blog\/wp-content\/uploads\/2017\/09\/fortezza-ventacan.jpg 804w, https:\/\/www.nbventacan.com\/blog\/wp-content\/uploads\/2017\/09\/fortezza-ventacan-300x229.jpg 300w, https:\/\/www.nbventacan.com\/blog\/wp-content\/uploads\/2017\/09\/fortezza-ventacan-768x587.jpg 768w, https:\/\/www.nbventacan.com\/blog\/wp-content\/uploads\/2017\/09\/fortezza-ventacan-700x535.jpg 700w\" sizes=\"auto, (max-width: 804px) 100vw, 804px\" \/><\/p>\n<p>Nuestra colaboraci\u00f3n con los alumnos fue efectiva desde el primer momento. Tuvimos un primer encuentro en nuestras instalaciones en el que los alumnos y el profesor estuvieron explic\u00e1ndonos en qu\u00e9 consist\u00eda el proyecto y como hab\u00edan pensado llevarlo a cabo. A partir de ah\u00ed lo estudiamos, les realizamos los estudios pertinentes y les propusimos diferentes posibilidades constructivas.<\/p>\n<p>Despu\u00e9s de analizar con ellos las diferentes posibilidades, llevamos a cabo la fabricaci\u00f3n de la colecci\u00f3n. Para ello, se utiliz\u00f3 chapa de aluminio de 6mm de espesor mecanizada y conformada. De esta forma se lograba una pieza sin uniones. Posteriormente se llev\u00f3 a cabo el termolacado en blanco mate. Para el sobre se utiliz\u00f3 polipropileno blanco de 15mm de espesor.<\/p>\n<p><img loading=\"lazy\" decoding=\"async\" class=\"aligncenter size-large wp-image-783\" src=\"http:\/\/www.ventacan.com\/blog\/wp-content\/uploads\/2017\/09\/fabricacion-fortezza-1024x548.jpg\" alt=\"fabricacion-fortezza\" width=\"640\" height=\"343\" srcset=\"https:\/\/www.nbventacan.com\/blog\/wp-content\/uploads\/2017\/09\/fabricacion-fortezza-1024x548.jpg 1024w, https:\/\/www.nbventacan.com\/blog\/wp-content\/uploads\/2017\/09\/fabricacion-fortezza-300x161.jpg 300w, https:\/\/www.nbventacan.com\/blog\/wp-content\/uploads\/2017\/09\/fabricacion-fortezza-768x411.jpg 768w, https:\/\/www.nbventacan.com\/blog\/wp-content\/uploads\/2017\/09\/fabricacion-fortezza-700x375.jpg 700w, https:\/\/www.nbventacan.com\/blog\/wp-content\/uploads\/2017\/09\/fabricacion-fortezza.jpg 1100w\" sizes=\"auto, (max-width: 640px) 100vw, 640px\" \/><\/p>\n<p>Finalmente, del 4 al 9 de abril la colecci\u00f3n Fortezza, junto con el resto de creaciones del proyecto, vio la luz en la Feria Ventura Lambrate de Mil\u00e1n. Sin duda, una gratificante experiencia para nosotros y una interesente inmersi\u00f3n en la realidad por parte de los alumnos. Agradecemos la confianza que el Campus de Alcoy ha depositado en nosotros y esperamos poder participar en pr\u00f3ximos proyectos.<\/p>\n","protected":false},"excerpt":{"rendered":"<p>Durante el pasado curso acad\u00e9mico Ventacan, a trav\u00e9s de nuestra oficina t\u00e9cnica E-VEN, ha participado en el proyecto RETOS del Campus de Alcoy de la Universidad Polit\u00e9cnica de Valencia. Se trata de un workshop realizado por alumnos en colaboraci\u00f3n con los profesores, cuya finalidad ha sido el desarrollo de un proyecto, aplicando la metodolog\u00eda de [&hellip;]<\/p>\n","protected":false},"author":9,"featured_media":781,"comment_status":"open","ping_status":"closed","sticky":false,"template":"","format":"standard","meta":{"footnotes":""},"categories":[24,47,9],"tags":[116,118,119,120,117,115],"class_list":["post-779","post","type-post","status-publish","format-standard","has-post-thumbnail","hentry","category-diseno","category-mobiliario-de-exterior","category-ventacan","tag-campus-alcoy-upv","tag-coleccion-fortezza","tag-feria-ventura-lambrate","tag-oficina-tecnica-e-ven","tag-proyecto-retos","tag-universidad-empresa"],"_links":{"self":[{"href":"https:\/\/www.nbventacan.com\/blog\/wp-json\/wp\/v2\/posts\/779","targetHints":{"allow":["GET"]}}],"collection":[{"href":"https:\/\/www.nbventacan.com\/blog\/wp-json\/wp\/v2\/posts"}],"about":[{"href":"https:\/\/www.nbventacan.com\/blog\/wp-json\/wp\/v2\/types\/post"}],"author":[{"embeddable":true,"href":"https:\/\/www.nbventacan.com\/blog\/wp-json\/wp\/v2\/users\/9"}],"replies":[{"embeddable":true,"href":"https:\/\/www.nbventacan.com\/blog\/wp-json\/wp\/v2\/comments?post=779"}],"version-history":[{"count":3,"href":"https:\/\/www.nbventacan.com\/blog\/wp-json\/wp\/v2\/posts\/779\/revisions"}],"predecessor-version":[{"id":787,"href":"https:\/\/www.nbventacan.com\/blog\/wp-json\/wp\/v2\/posts\/779\/revisions\/787"}],"wp:featuredmedia":[{"embeddable":true,"href":"https:\/\/www.nbventacan.com\/blog\/wp-json\/wp\/v2\/media\/781"}],"wp:attachment":[{"href":"https:\/\/www.nbventacan.com\/blog\/wp-json\/wp\/v2\/media?parent=779"}],"wp:term":[{"taxonomy":"category","embeddable":true,"href":"https:\/\/www.nbventacan.com\/blog\/wp-json\/wp\/v2\/categories?post=779"},{"taxonomy":"post_tag","embeddable":true,"href":"https:\/\/www.nbventacan.com\/blog\/wp-json\/wp\/v2\/tags?post=779"}],"curies":[{"name":"wp","href":"https:\/\/api.w.org\/{rel}","templated":true}]}}