{"id":744,"date":"2016-05-30T10:17:41","date_gmt":"2016-05-30T08:17:41","guid":{"rendered":"http:\/\/www.ventacan.com\/blog\/?p=744"},"modified":"2016-05-30T10:17:41","modified_gmt":"2016-05-30T08:17:41","slug":"la-coleccion-blau-premiada-en-los-nycxdesign-awards","status":"publish","type":"post","link":"https:\/\/www.nbventacan.com\/blog\/la-coleccion-blau-premiada-en-los-nycxdesign-awards\/","title":{"rendered":"La colecci\u00f3n \u2018Blau\u2019, premiada en los NYCxDESIGN Awards"},"content":{"rendered":"<p>La colecci\u00f3n Blau de <a href=\"http:\/\/www.gandiablasco.com\" target=\"_blank\">Gandia Blasco<\/a>, dise\u00f1ada por <a href=\"http:\/\/www.fransilvestrearquitectos.com\/\" target=\"_blank\">Fran Silvestre Arquitectos<\/a>, y <strong>fabricada por Ventacan,<\/strong> ha sido galardonada en los <a href=\"http:\/\/www.interiordesign.net\/articles\/11854-interior-design-magazine-and-icff-name-inaugural-nycxdesign-awards-honorees\/\" target=\"_blank\">NYCxDESIGN Awards <\/a>de <a href=\"http:\/\/www.interiordesign.net\/\" target=\"_blank\"><em>Interior Design Magazine<\/em><\/a> con el primer premio en la categor\u00eda de exteriores. La celebraci\u00f3n de la entrega de Premios tuvo lugar el pasado domingo 14 de mayo en el Moma de Nueva York (Museum of Modern Art)<\/p>\n<p><img loading=\"lazy\" decoding=\"async\" class=\"aligncenter size-large wp-image-746\" src=\"http:\/\/www.ventacan.com\/blog\/wp-content\/uploads\/2016\/05\/20160303205431_FSA_BLAU_03-1024x512.jpg\" alt=\"20160303205431_FSA_BLAU_03\" width=\"640\" height=\"320\" srcset=\"https:\/\/www.nbventacan.com\/blog\/wp-content\/uploads\/2016\/05\/20160303205431_FSA_BLAU_03-1024x512.jpg 1024w, https:\/\/www.nbventacan.com\/blog\/wp-content\/uploads\/2016\/05\/20160303205431_FSA_BLAU_03-300x150.jpg 300w, https:\/\/www.nbventacan.com\/blog\/wp-content\/uploads\/2016\/05\/20160303205431_FSA_BLAU_03-768x384.jpg 768w, https:\/\/www.nbventacan.com\/blog\/wp-content\/uploads\/2016\/05\/20160303205431_FSA_BLAU_03-700x350.jpg 700w\" sizes=\"auto, (max-width: 640px) 100vw, 640px\" \/><\/p>\n<p>La revista Interior Design present\u00f3, junto con<a href=\"http:\/\/www.icff.com\/\" target=\"_blank\"> ICFF<\/a>, la Feria Internacional del mueble Contempor\u00e1neo de Nueva York, la 1\u00aa edici\u00f3n de los premios NYCxDESIGN. Un programa abierto que celebra la excelencia de m\u00e1s de 500 empresas globales en las \u00e1reas del dise\u00f1o: de la arquitectura a los interiores, de los productos a las colecciones, de la artesan\u00eda a la tecnolog\u00eda.<\/p>\n<p>La colecci\u00f3n Blau tambi\u00e9n obtuvo este a\u00f1o el premio de Investigaci\u00f3n, en la categor\u00eda \u2018Producto\u2019, en la <a href=\"http:\/\/www.bienalesdearquitectura.es\/index.php\/es\/muestra-de-pfc-e-investigacion\/resultados-i-convocatoria-de-investigacion\" target=\"_blank\">XIII Bienal Espa\u00f1ola de Arquitectura y Urbanismo<\/a>.<\/p>\n<p><img loading=\"lazy\" decoding=\"async\" class=\"aligncenter size-large wp-image-748\" src=\"http:\/\/www.ventacan.com\/blog\/wp-content\/uploads\/2016\/05\/2016-blau-sofa-modular-3-mestita-1024x768.jpg\" alt=\"2016-blau-sofa-modular-3-mestita\" width=\"640\" height=\"480\" srcset=\"https:\/\/www.nbventacan.com\/blog\/wp-content\/uploads\/2016\/05\/2016-blau-sofa-modular-3-mestita.jpg 1024w, https:\/\/www.nbventacan.com\/blog\/wp-content\/uploads\/2016\/05\/2016-blau-sofa-modular-3-mestita-300x225.jpg 300w, https:\/\/www.nbventacan.com\/blog\/wp-content\/uploads\/2016\/05\/2016-blau-sofa-modular-3-mestita-768x576.jpg 768w, https:\/\/www.nbventacan.com\/blog\/wp-content\/uploads\/2016\/05\/2016-blau-sofa-modular-3-mestita-700x525.jpg 700w\" sizes=\"auto, (max-width: 640px) 100vw, 640px\" \/><\/p>\n<h3>LA COLECCI\u00d3N<\/h3>\n<blockquote><p>Seg\u00fan Fran Silvestre, \u201cla colecci\u00f3n BLAU busca desarrollar la tradici\u00f3n del mobiliario de exterior, vincul\u00e1ndose con la arquitectura y la forma de vivir del Mediterr\u00e1neo. Una tradici\u00f3n renovada, a partir de un sistema constructivo concreto basado en el ensamblaje de perfiles de aluminio extruido\u201d.<\/p><\/blockquote>\n<p>Utiliza \u00fanicamente un tipo de nudo que resuelve todas las uniones de las diferentes piezas de la colecci\u00f3n.<\/p>\n<p>Se busca el m\u00ednimo canto, llevando al l\u00edmite las medidas de cada perfil hasta llegar a los 15x40mm y trabajando con la inercia de los perfiles, que proporcionan una percepci\u00f3n din\u00e1mica de las piezas, que se muestran distintas dependiendo del punto de vista que se observen. Adem\u00e1s se utiliza el contraste entre la estructura ortogonal en aluminio y la estructura curva de chapa de aluminio para mejorar la ergonom\u00eda.<\/p>\n<p>Con este sistema de crecimiento se materializan todas las piezas, desde una silla hasta un \u00e1rbol artificial. Un \u00e1rbol artificial de crecimiento inmediato que, sin tener ra\u00edces se adapta a entornos urbanos ilumin\u00e1ndolos, acot\u00e1ndolos y generando sombras. Blau es una familia de objetos que tienen otra cualidad dif\u00edcil de concretar, que hace referencia al valor de las piezas como objetos, con el \u00fanico valor de ser contemplados.<\/p>\n<div id='gallery-1' class='gallery galleryid-744 gallery-columns-4 gallery-size-thumbnail'><figure class='gallery-item'>\n\t\t\t<div class='gallery-icon portrait'>\n\t\t\t\t<a href='https:\/\/www.nbventacan.com\/blog\/wp-content\/uploads\/2016\/05\/12719132_1202613413096006_2780154438317847523_o-1.jpg'><img loading=\"lazy\" decoding=\"async\" width=\"150\" height=\"150\" src=\"https:\/\/www.nbventacan.com\/blog\/wp-content\/uploads\/2016\/05\/12719132_1202613413096006_2780154438317847523_o-1-150x150.jpg\" class=\"attachment-thumbnail size-thumbnail\" alt=\"\" \/><\/a>\n\t\t\t<\/div><\/figure><figure class='gallery-item'>\n\t\t\t<div class='gallery-icon portrait'>\n\t\t\t\t<a href='https:\/\/www.nbventacan.com\/blog\/wp-content\/uploads\/2016\/05\/Blau-ambience-image-arbol-2-light-683x1024.jpg'><img loading=\"lazy\" decoding=\"async\" width=\"150\" height=\"150\" src=\"https:\/\/www.nbventacan.com\/blog\/wp-content\/uploads\/2016\/05\/Blau-ambience-image-arbol-2-light-683x1024-150x150.jpg\" class=\"attachment-thumbnail size-thumbnail\" alt=\"\" \/><\/a>\n\t\t\t<\/div><\/figure><figure class='gallery-item'>\n\t\t\t<div class='gallery-icon landscape'>\n\t\t\t\t<a href='https:\/\/www.nbventacan.com\/blog\/wp-content\/uploads\/2016\/05\/Blau-ambience-image-butaca-singular-1-light-1024x683.jpg'><img loading=\"lazy\" decoding=\"async\" width=\"150\" height=\"150\" src=\"https:\/\/www.nbventacan.com\/blog\/wp-content\/uploads\/2016\/05\/Blau-ambience-image-butaca-singular-1-light-1024x683-150x150.jpg\" class=\"attachment-thumbnail size-thumbnail\" alt=\"\" \/><\/a>\n\t\t\t<\/div><\/figure><figure class='gallery-item'>\n\t\t\t<div class='gallery-icon portrait'>\n\t\t\t\t<a href='https:\/\/www.nbventacan.com\/blog\/wp-content\/uploads\/2016\/05\/Blau-ambience-image-chaiselongue-3-light-683x1024.jpg'><img loading=\"lazy\" decoding=\"async\" width=\"150\" height=\"150\" src=\"https:\/\/www.nbventacan.com\/blog\/wp-content\/uploads\/2016\/05\/Blau-ambience-image-chaiselongue-3-light-683x1024-150x150.jpg\" class=\"attachment-thumbnail size-thumbnail\" alt=\"\" \/><\/a>\n\t\t\t<\/div><\/figure><figure class='gallery-item'>\n\t\t\t<div class='gallery-icon landscape'>\n\t\t\t\t<a href='https:\/\/www.nbventacan.com\/blog\/wp-content\/uploads\/2016\/05\/Blau-ambience-image-mesa-y-sillas-1-light.jpg'><img loading=\"lazy\" decoding=\"async\" width=\"150\" height=\"150\" src=\"https:\/\/www.nbventacan.com\/blog\/wp-content\/uploads\/2016\/05\/Blau-ambience-image-mesa-y-sillas-1-light-150x150.jpg\" class=\"attachment-thumbnail size-thumbnail\" alt=\"\" \/><\/a>\n\t\t\t<\/div><\/figure><figure class='gallery-item'>\n\t\t\t<div class='gallery-icon portrait'>\n\t\t\t\t<a href='https:\/\/www.nbventacan.com\/blog\/wp-content\/uploads\/2016\/05\/Blau-ambience-image-sillas-1-light-683x1024.jpg'><img loading=\"lazy\" decoding=\"async\" width=\"150\" height=\"150\" src=\"https:\/\/www.nbventacan.com\/blog\/wp-content\/uploads\/2016\/05\/Blau-ambience-image-sillas-1-light-683x1024-150x150.jpg\" class=\"attachment-thumbnail size-thumbnail\" alt=\"\" \/><\/a>\n\t\t\t<\/div><\/figure><figure class='gallery-item'>\n\t\t\t<div class='gallery-icon landscape'>\n\t\t\t\t<a href='https:\/\/www.nbventacan.com\/blog\/wp-content\/uploads\/2016\/05\/Blau-ambience-image-sofas-composition-1-light-1024x683.jpg'><img loading=\"lazy\" decoding=\"async\" width=\"150\" height=\"150\" src=\"https:\/\/www.nbventacan.com\/blog\/wp-content\/uploads\/2016\/05\/Blau-ambience-image-sofas-composition-1-light-1024x683-150x150.jpg\" class=\"attachment-thumbnail size-thumbnail\" alt=\"\" \/><\/a>\n\t\t\t<\/div><\/figure><figure class='gallery-item'>\n\t\t\t<div class='gallery-icon portrait'>\n\t\t\t\t<a href='https:\/\/www.nbventacan.com\/blog\/wp-content\/uploads\/2016\/05\/Blau-ambience-image-sofas-composition-3-light-683x1024.jpg'><img loading=\"lazy\" decoding=\"async\" width=\"150\" height=\"150\" src=\"https:\/\/www.nbventacan.com\/blog\/wp-content\/uploads\/2016\/05\/Blau-ambience-image-sofas-composition-3-light-683x1024-150x150.jpg\" class=\"attachment-thumbnail size-thumbnail\" alt=\"\" \/><\/a>\n\t\t\t<\/div><\/figure>\n\t\t<\/div>\n\n","protected":false},"excerpt":{"rendered":"<p>La colecci\u00f3n Blau de Gandia Blasco, dise\u00f1ada por Fran Silvestre Arquitectos, y fabricada por Ventacan, ha sido galardonada en los NYCxDESIGN Awards de Interior Design Magazine con el primer premio en la categor\u00eda de exteriores. La celebraci\u00f3n de la entrega de Premios tuvo lugar el pasado domingo 14 de mayo en el Moma de Nueva [&hellip;]<\/p>\n","protected":false},"author":9,"featured_media":745,"comment_status":"open","ping_status":"closed","sticky":false,"template":"","format":"standard","meta":{"footnotes":""},"categories":[47,9],"tags":[105,106,38,104,107],"class_list":["post-744","post","type-post","status-publish","format-standard","has-post-thumbnail","hentry","category-mobiliario-de-exterior","category-ventacan","tag-coleccion-blau","tag-fran-silvestre","tag-gandia-blasco","tag-nycxdesign","tag-premio-beau"],"_links":{"self":[{"href":"https:\/\/www.nbventacan.com\/blog\/wp-json\/wp\/v2\/posts\/744","targetHints":{"allow":["GET"]}}],"collection":[{"href":"https:\/\/www.nbventacan.com\/blog\/wp-json\/wp\/v2\/posts"}],"about":[{"href":"https:\/\/www.nbventacan.com\/blog\/wp-json\/wp\/v2\/types\/post"}],"author":[{"embeddable":true,"href":"https:\/\/www.nbventacan.com\/blog\/wp-json\/wp\/v2\/users\/9"}],"replies":[{"embeddable":true,"href":"https:\/\/www.nbventacan.com\/blog\/wp-json\/wp\/v2\/comments?post=744"}],"version-history":[{"count":5,"href":"https:\/\/www.nbventacan.com\/blog\/wp-json\/wp\/v2\/posts\/744\/revisions"}],"predecessor-version":[{"id":760,"href":"https:\/\/www.nbventacan.com\/blog\/wp-json\/wp\/v2\/posts\/744\/revisions\/760"}],"wp:featuredmedia":[{"embeddable":true,"href":"https:\/\/www.nbventacan.com\/blog\/wp-json\/wp\/v2\/media\/745"}],"wp:attachment":[{"href":"https:\/\/www.nbventacan.com\/blog\/wp-json\/wp\/v2\/media?parent=744"}],"wp:term":[{"taxonomy":"category","embeddable":true,"href":"https:\/\/www.nbventacan.com\/blog\/wp-json\/wp\/v2\/categories?post=744"},{"taxonomy":"post_tag","embeddable":true,"href":"https:\/\/www.nbventacan.com\/blog\/wp-json\/wp\/v2\/tags?post=744"}],"curies":[{"name":"wp","href":"https:\/\/api.w.org\/{rel}","templated":true}]}}