{"id":493,"date":"2014-10-22T10:02:14","date_gmt":"2014-10-22T08:02:14","guid":{"rendered":"http:\/\/www.ventacan.com\/blog\/?p=493"},"modified":"2015-03-18T11:58:50","modified_gmt":"2015-03-18T10:58:50","slug":"ventacan-participa-en-el-proyecto-e3-de-edificacion-eco-eficiente-impulsado-por-la-universidad-politecnica-de-valencia","status":"publish","type":"post","link":"https:\/\/www.nbventacan.com\/blog\/ventacan-participa-en-el-proyecto-e3-de-edificacion-eco-eficiente-impulsado-por-la-universidad-politecnica-de-valencia\/","title":{"rendered":"Ventacan participa en el proyecto E3 de Edificaci\u00f3n Eco Eficiente, impulsado por la Universidad Polit\u00e9cnica de Valencia"},"content":{"rendered":"<p><img loading=\"lazy\" decoding=\"async\" class=\"aligncenter size-full wp-image-495\" title=\"2013-3d-PROYECTO-E3-general\" src=\"http:\/\/www.ventacan.com\/blog\/wp-content\/uploads\/2014\/10\/2013-3d-PROYECTO-E3-general.jpg\" alt=\"\" width=\"886\" height=\"591\" srcset=\"https:\/\/www.nbventacan.com\/blog\/wp-content\/uploads\/2014\/10\/2013-3d-PROYECTO-E3-general.jpg 886w, https:\/\/www.nbventacan.com\/blog\/wp-content\/uploads\/2014\/10\/2013-3d-PROYECTO-E3-general-300x200.jpg 300w, https:\/\/www.nbventacan.com\/blog\/wp-content\/uploads\/2014\/10\/2013-3d-PROYECTO-E3-general-449x300.jpg 449w\" sizes=\"auto, (max-width: 886px) 100vw, 886px\" \/>La Universidad Polit\u00e9cnica de Valencia est\u00e1 ultimando el Proyecto E3 (Edificaci\u00f3n Eco Eficiente) para el dise\u00f1o y construcci\u00f3n de una <strong>vivienda de alta eficiencia energ\u00e9tica<\/strong>, con el objetivo de convertirse en un referente en el futuro de la construcci\u00f3n eficiente. El proyecto se ha desarrollado junto al Consorcio de Empresas E3, formado por una serie de compa\u00f1\u00edas que han colaborado desde su \u00e1rea de actividad (Ceracasa, Becsa, Atersa, Rockwool y ApliCAD). Gracias a ello, la construcci\u00f3n de esta vivienda se encuentra ya en su fase final, acabada y en proceso de certificaci\u00f3n energ\u00e9tica.<!--more--><\/p>\n<p>En el edificio se han aplicado novedosos <strong>sistemas constructivos industrializados y modulares<\/strong> desarrollados por Becsa, que han permitido reducir notablemente los plazos de construcci\u00f3n y aumentar la calidad de la edificaci\u00f3n. Las soluciones desarrolladas conllevan, adem\u00e1s, una optimizaci\u00f3n del volumen de los componentes, lo que facilita su transporte y permite su exportaci\u00f3n a mercados internacionales.<img loading=\"lazy\" decoding=\"async\" class=\"aligncenter size-full wp-image-497\" title=\"2013-3d-PROYECTO-E3-vistaha\" src=\"http:\/\/www.ventacan.com\/blog\/wp-content\/uploads\/2014\/10\/2013-3d-PROYECTO-E3-vistaha.jpg\" alt=\"\" width=\"750\" height=\"424\" srcset=\"https:\/\/www.nbventacan.com\/blog\/wp-content\/uploads\/2014\/10\/2013-3d-PROYECTO-E3-vistaha.jpg 750w, https:\/\/www.nbventacan.com\/blog\/wp-content\/uploads\/2014\/10\/2013-3d-PROYECTO-E3-vistaha-300x169.jpg 300w, https:\/\/www.nbventacan.com\/blog\/wp-content\/uploads\/2014\/10\/2013-3d-PROYECTO-E3-vistaha-500x282.jpg 500w\" sizes=\"auto, (max-width: 750px) 100vw, 750px\" \/><\/p>\n<p>As\u00ed, se ha conseguido desarrollar una vivienda eficiente, con un <strong>consumo de energ\u00eda casi nulo<\/strong> y que consigue un <strong>triple beneficio<\/strong>: por un lado, el ahorro energ\u00e9tico; por otro, la reducci\u00f3n de emisiones de CO2 a la atm\u00f3sfera; y, por \u00faltimo, un ahorro en la factura del hogar.<\/p>\n<p>Esta vivienda industrializada cuenta con, aproximadamente 60m2, donde se han instalado soluciones constructivas que aportan mejoras importantes sobre las prestaciones establecidas en el C\u00f3digo T\u00e9cnico de la Edificaci\u00f3n para la zona clim\u00e1tica de Valencia.<\/p>\n<p>Entre estas soluciones cabe destacar la <strong>tipolog\u00eda de fachada empleada<\/strong>, en la que se ha aplicado un sistema industrializado con un n\u00facleo formado por paneles tipo s\u00e1ndwich con 100 mm de lana de roca de Rockwool, material que permite un \u00f3ptimo aislamiento t\u00e9rmico, acondicionamiento ac\u00fastico y que protege al hogar ante los posibles riesgos de incendio. Asimismo, tambi\u00e9n se ha aplicado lana de roca, con un refuerzo de placas de yeso, en el trasdosado interior para optimizar el comportamiento ac\u00fastico.<a href=\"http:\/\/www.ventacan.com\/blog\/ventacan-participa-en-el-proyecto-e3-de-edificacion-eco-eficiente-impulsado-por-la-universidad-politecnica-de-valencia\/2013-3d-proyecto-e3-vistaco\/\" rel=\"attachment wp-att-496\"><br \/>\n<\/a><\/p>\n<p>El exterior de la fachada se resuelve con un sistema de fachada ventilada cer\u00e1mica, elaborada por Ceracasa, compuesto que aporta un efecto a\u00f1adido a los beneficios t\u00e9rmicos propios de las fachadas ventiladas en climas c\u00e1lidos. Este efecto consiste en la <strong>absorci\u00f3n de las emisiones contaminantes <\/strong>(NOx, HNO3 y O3) del aire de ciudades mediante un proceso fotocatal\u00edtico en presencia de\u00a0este porcel\u00e1nico, de\u00a0luz solar y la humedad.<\/p>\n<p><img loading=\"lazy\" decoding=\"async\" class=\"aligncenter size-full wp-image-498\" title=\"2013-3d-PROYECTO-E3-vistasa\" src=\"http:\/\/www.ventacan.com\/blog\/wp-content\/uploads\/2014\/10\/2013-3d-PROYECTO-E3-vistasa.jpg\" alt=\"\" width=\"750\" height=\"424\" srcset=\"https:\/\/www.nbventacan.com\/blog\/wp-content\/uploads\/2014\/10\/2013-3d-PROYECTO-E3-vistasa.jpg 750w, https:\/\/www.nbventacan.com\/blog\/wp-content\/uploads\/2014\/10\/2013-3d-PROYECTO-E3-vistasa-300x169.jpg 300w, https:\/\/www.nbventacan.com\/blog\/wp-content\/uploads\/2014\/10\/2013-3d-PROYECTO-E3-vistasa-500x282.jpg 500w\" sizes=\"auto, (max-width: 750px) 100vw, 750px\" \/><\/p>\n<p>Adem\u00e1s, se han optimizado los sistemas de protecci\u00f3n solar y los sistemas de ventilaci\u00f3n natural, que ayudan a mantener las condiciones de confort con un menor impacto en la demanda energ\u00e9tica. Los sistemas activos se centran en la <strong>producci\u00f3n fotovoltaica<\/strong> analizando dos prototipos de instalaci\u00f3n desarrollados por Atersa de cara a su implantaci\u00f3n tanto en obra nueva como en procesos de rehabilitaci\u00f3n.<\/p>\n<p>El proceso de modelado y dise\u00f1o del proyecto se ha desarrollado en entornos BIM (Building Information Modeling) con el apoyo de Aplicad.<\/p>\n<p><strong>Cerramientos clase A<\/strong><\/p>\n<p>VENTACAN ha participado en el proyecto E3 con la fabricaci\u00f3n e instalaci\u00f3n de <strong>todos los cerramientos del edificio<\/strong>, utilizando sistemas de perfiles con una transmitancia t\u00e9rmica muy baja y vidrios de altas prestaciones t\u00e9rmicas y ac\u00fasticas. Adem\u00e1s ha sido la primera empresa espa\u00f1ola en aplicar el <strong>nuevo sistema de instalaci\u00f3n<\/strong> de ventanas Posaclima, ideado por la firma italiana Metra, que mejora aun m\u00e1s los resultados en aislamiento y estanqueidad.<\/p>\n<p>Con todos estos elementos, se prev\u00e9 que la calificaci\u00f3n energ\u00e9tica del edificio, que se est\u00e1 evaluando mediante los protocolos VERDE y LEED New Constructions, adquiera la CLASE A.<\/p>\n<p><img loading=\"lazy\" decoding=\"async\" class=\"aligncenter size-full wp-image-496\" title=\"2013-3d-PROYECTO-E3-vistaco\" src=\"http:\/\/www.ventacan.com\/blog\/wp-content\/uploads\/2014\/10\/2013-3d-PROYECTO-E3-vistaco.jpg\" alt=\"\" width=\"750\" height=\"424\" srcset=\"https:\/\/www.nbventacan.com\/blog\/wp-content\/uploads\/2014\/10\/2013-3d-PROYECTO-E3-vistaco.jpg 750w, https:\/\/www.nbventacan.com\/blog\/wp-content\/uploads\/2014\/10\/2013-3d-PROYECTO-E3-vistaco-300x169.jpg 300w, https:\/\/www.nbventacan.com\/blog\/wp-content\/uploads\/2014\/10\/2013-3d-PROYECTO-E3-vistaco-500x282.jpg 500w\" sizes=\"auto, (max-width: 750px) 100vw, 750px\" \/><\/p>\n","protected":false},"excerpt":{"rendered":"<p>La Universidad Polit\u00e9cnica de Valencia est\u00e1 ultimando el Proyecto E3 (Edificaci\u00f3n Eco Eficiente) para el dise\u00f1o y construcci\u00f3n de una vivienda de alta eficiencia energ\u00e9tica, con el objetivo de convertirse en un referente en el futuro de la construcci\u00f3n eficiente. El proyecto se ha desarrollado junto al Consorcio de Empresas E3, formado por una serie [&hellip;]<\/p>\n","protected":false},"author":9,"featured_media":495,"comment_status":"open","ping_status":"closed","sticky":false,"template":"","format":"standard","meta":{"footnotes":""},"categories":[15,33,14,9],"tags":[56,57,12],"class_list":["post-493","post","type-post","status-publish","format-standard","has-post-thumbnail","hentry","category-ahorro-energetico","category-arquitectura","category-sostenibilidad","category-ventacan","tag-e3-edificacion-eco-eficiente","tag-edificio-de-consumo-de-energia-casi-nulo","tag-eficiencia-energetica"],"_links":{"self":[{"href":"https:\/\/www.nbventacan.com\/blog\/wp-json\/wp\/v2\/posts\/493","targetHints":{"allow":["GET"]}}],"collection":[{"href":"https:\/\/www.nbventacan.com\/blog\/wp-json\/wp\/v2\/posts"}],"about":[{"href":"https:\/\/www.nbventacan.com\/blog\/wp-json\/wp\/v2\/types\/post"}],"author":[{"embeddable":true,"href":"https:\/\/www.nbventacan.com\/blog\/wp-json\/wp\/v2\/users\/9"}],"replies":[{"embeddable":true,"href":"https:\/\/www.nbventacan.com\/blog\/wp-json\/wp\/v2\/comments?post=493"}],"version-history":[{"count":14,"href":"https:\/\/www.nbventacan.com\/blog\/wp-json\/wp\/v2\/posts\/493\/revisions"}],"predecessor-version":[{"id":585,"href":"https:\/\/www.nbventacan.com\/blog\/wp-json\/wp\/v2\/posts\/493\/revisions\/585"}],"wp:featuredmedia":[{"embeddable":true,"href":"https:\/\/www.nbventacan.com\/blog\/wp-json\/wp\/v2\/media\/495"}],"wp:attachment":[{"href":"https:\/\/www.nbventacan.com\/blog\/wp-json\/wp\/v2\/media?parent=493"}],"wp:term":[{"taxonomy":"category","embeddable":true,"href":"https:\/\/www.nbventacan.com\/blog\/wp-json\/wp\/v2\/categories?post=493"},{"taxonomy":"post_tag","embeddable":true,"href":"https:\/\/www.nbventacan.com\/blog\/wp-json\/wp\/v2\/tags?post=493"}],"curies":[{"name":"wp","href":"https:\/\/api.w.org\/{rel}","templated":true}]}}