{"id":447,"date":"2014-07-31T12:45:18","date_gmt":"2014-07-31T10:45:18","guid":{"rendered":"http:\/\/www.ventacan.com\/blog\/?p=447"},"modified":"2015-03-18T11:58:50","modified_gmt":"2015-03-18T10:58:50","slug":"casas-pasivas-o-de-consumo-de-energia-casi-nulo","status":"publish","type":"post","link":"https:\/\/www.nbventacan.com\/blog\/casas-pasivas-o-de-consumo-de-energia-casi-nulo\/","title":{"rendered":"Casas pasivas o de consumo de energ\u00eda casi nulo"},"content":{"rendered":"<figure id=\"attachment_450\" aria-describedby=\"caption-attachment-450\" style=\"width: 300px\" class=\"wp-caption alignright\"><a href=\"http:\/\/www.ventacan.com\/blog\/casas-pasivas-o-de-consumo-de-energia-casi-nulo\/casa1-passivhaus\/\" rel=\"attachment wp-att-450\"><img loading=\"lazy\" decoding=\"async\" class=\"size-medium wp-image-450\" title=\"casa1-passivhaus\" src=\"http:\/\/www.ventacan.com\/blog\/wp-content\/uploads\/2014\/07\/casa1-passivhaus-300x200.jpg\" alt=\"\" width=\"300\" height=\"200\" srcset=\"https:\/\/www.nbventacan.com\/blog\/wp-content\/uploads\/2014\/07\/casa1-passivhaus-300x200.jpg 300w, https:\/\/www.nbventacan.com\/blog\/wp-content\/uploads\/2014\/07\/casa1-passivhaus-449x300.jpg 449w, https:\/\/www.nbventacan.com\/blog\/wp-content\/uploads\/2014\/07\/casa1-passivhaus.jpg 1000w\" sizes=\"auto, (max-width: 300px) 100vw, 300px\" \/><\/a><figcaption id=\"caption-attachment-450\" class=\"wp-caption-text\">Plataforma Espa\u00f1ola Edificaci\u00f3n Passivhaus<\/figcaption><\/figure>\n<p>Las viviendas pasivas o de consumo de energ\u00eda casi nulo son una realidad en pa\u00edses europeos com Alemania o Austria, y en el mundo existen ya alrededor de unos <strong>30.000 edificios<\/strong> construidos con unas estrictas pautas de eficiencia energ\u00e9tica. La orientaci\u00f3n solar, la ventilaci\u00f3n y la estanqueidad al aire son las principales premisas a la hora de cumplir con el llamado estandar \u201cPassivhaus\u201d, creado en 1988 en Alemania.<!--more--><\/p>\n<p>La eficienca energ\u00e9tica de estos edificios no s\u00f3lo beneficia a los que los habitan, reduciendo considerablemente la factura el\u00e9ctrica y mejorando su habitabilidad, sino tambi\u00e9n al <strong>medio ambiente<\/strong>, ya que se reducen las <strong>emisiones de C02<\/strong>. De media, una casa pasiva consume al menos un 80% menos de energ\u00eda en calefacci\u00f3n que una casa est\u00e1ndar: esto se traduce en una reducci\u00f3n de emisiones de CO2 de 2.4 toneladas\/anuales por casa.<\/p>\n<h3><strong>Objetivo 2020<\/strong><\/h3>\n<figure id=\"attachment_451\" aria-describedby=\"caption-attachment-451\" style=\"width: 300px\" class=\"wp-caption alignright\"><a href=\"http:\/\/www.ventacan.com\/blog\/casas-pasivas-o-de-consumo-de-energia-casi-nulo\/casa2-passivhaus\/\" rel=\"attachment wp-att-451\"><img loading=\"lazy\" decoding=\"async\" class=\"size-medium wp-image-451\" title=\"casa2-passivhaus\" src=\"http:\/\/www.ventacan.com\/blog\/wp-content\/uploads\/2014\/07\/casa2-passivhaus-300x210.jpg\" alt=\"\" width=\"300\" height=\"210\" srcset=\"https:\/\/www.nbventacan.com\/blog\/wp-content\/uploads\/2014\/07\/casa2-passivhaus-300x210.jpg 300w, https:\/\/www.nbventacan.com\/blog\/wp-content\/uploads\/2014\/07\/casa2-passivhaus-1024x719.jpg 1024w, https:\/\/www.nbventacan.com\/blog\/wp-content\/uploads\/2014\/07\/casa2-passivhaus-426x300.jpg 426w, https:\/\/www.nbventacan.com\/blog\/wp-content\/uploads\/2014\/07\/casa2-passivhaus.jpg 1680w\" sizes=\"auto, (max-width: 300px) 100vw, 300px\" \/><\/a><figcaption id=\"caption-attachment-451\" class=\"wp-caption-text\">Plataforma Espa\u00f1ola Edificaci\u00f3n Passivhaus<\/figcaption><\/figure>\n<p>La Directiva 2010\/31\/UE, aprobada por el Parlamento Europeo en mayo de 2010, endurece los requisitos de eficiencia energ\u00e9tica en los edificios. Todos los edificios p\u00fablicos construidos en Europa deben de ser de consumo energ\u00e9tico casi nulo a partir del <strong>31 de diciembre de 2018<\/strong>. Para los edificios de titularidad privada, la fecha l\u00edmite es el 31 de diciembre de 2020. Una fecha, bastante pr\u00f3xima y que va a hacer que se transformen de manera dr\u00e1stica los sistemas constructivos actuales.<\/p>\n<p>En el futuro marco en el que el consumo energ\u00e9tico del edificio ser\u00e1 considerado como una de sus prestaciones fundamentales, los edificios que no se construyan bajo este nuevo concepto <strong>ser\u00e1n obsoletos<\/strong> en menos de 8 a\u00f1os, y su valor en el mercado disminuir\u00e1 considerablemente.<\/p>\n<h3><strong>Principios b\u00e1sicos de la Passivhaus<\/strong><\/h3>\n<figure id=\"attachment_453\" aria-describedby=\"caption-attachment-453\" style=\"width: 797px\" class=\"wp-caption aligncenter\"><a href=\"http:\/\/www.ventacan.com\/blog\/casas-pasivas-o-de-consumo-de-energia-casi-nulo\/grafico2\/\" rel=\"attachment wp-att-453\"><img loading=\"lazy\" decoding=\"async\" class=\" wp-image-453\" title=\"grafico2\" src=\"http:\/\/www.ventacan.com\/blog\/wp-content\/uploads\/2014\/07\/grafico2.jpg\" alt=\"\" width=\"797\" height=\"601\" srcset=\"https:\/\/www.nbventacan.com\/blog\/wp-content\/uploads\/2014\/07\/grafico2.jpg 797w, https:\/\/www.nbventacan.com\/blog\/wp-content\/uploads\/2014\/07\/grafico2-300x226.jpg 300w, https:\/\/www.nbventacan.com\/blog\/wp-content\/uploads\/2014\/07\/grafico2-397x300.jpg 397w\" sizes=\"auto, (max-width: 797px) 100vw, 797px\" \/><\/a><figcaption id=\"caption-attachment-453\" class=\"wp-caption-text\">Passive House Institute<\/figcaption><\/figure>\n<p>Las ideas principales del est\u00e1ndar Passivhaus son un buen <strong>aislamiento de la envolvente<\/strong> del edificio (fachadas y cubiertas), r<strong>educci\u00f3n de puentes t\u00e9rmicos<\/strong> y <strong>ventanas bien aisladas<\/strong>. Adem\u00e1s ha de ser completamente <strong>herm\u00e9tico al aire<\/strong> y ha de contar con un <strong>sistema de ventilaci\u00f3n con recuperaci\u00f3n de energ\u00eda<\/strong>. Para las zonas de clima fr\u00edo, esto se traduce en la posibilidad de simplificar al m\u00e1ximo el sistema de calefacci\u00f3n, ya que se hace posible mantener el confort del edificio s\u00f3lo calentando el aire de renovaci\u00f3n necesario para garantizar la calidad del aire interior. El sistema de calefacci\u00f3n completo puede ser reducido a un peque\u00f1o post-calentador (despu\u00e9s del sistema de recuperaci\u00f3n de calor). En los climas m\u00e1s c\u00e1lidos, se debe adem\u00e1s contemplar <strong>sistemas de control solar m\u00f3viles<\/strong>, como celos\u00edas, parasoles o mallorquinas.<\/p>\n<p>Este hecho permite obtener alta eficiencia a un precio competitivo. Aunque los costes de construcci\u00f3n pueden ser mayores (una media de un 14%), considerando los costes de la vida total del edificio, una Passivhaus <strong>acaba siendo m\u00e1s econ\u00f3mica<\/strong> que una construcci\u00f3n convencional.<\/p>\n<figure id=\"attachment_454\" aria-describedby=\"caption-attachment-454\" style=\"width: 557px\" class=\"wp-caption aligncenter\"><a href=\"http:\/\/www.ventacan.com\/blog\/casas-pasivas-o-de-consumo-de-energia-casi-nulo\/grafico3\/\" rel=\"attachment wp-att-454\"><img loading=\"lazy\" decoding=\"async\" class=\"size-full wp-image-454\" title=\"grafico3\" src=\"http:\/\/www.ventacan.com\/blog\/wp-content\/uploads\/2014\/07\/grafico3.jpg\" alt=\"\" width=\"557\" height=\"539\" srcset=\"https:\/\/www.nbventacan.com\/blog\/wp-content\/uploads\/2014\/07\/grafico3.jpg 557w, https:\/\/www.nbventacan.com\/blog\/wp-content\/uploads\/2014\/07\/grafico3-300x290.jpg 300w, https:\/\/www.nbventacan.com\/blog\/wp-content\/uploads\/2014\/07\/grafico3-310x300.jpg 310w\" sizes=\"auto, (max-width: 557px) 100vw, 557px\" \/><\/a><figcaption id=\"caption-attachment-454\" class=\"wp-caption-text\">Passive House Institute<\/figcaption><\/figure>\n<h3><strong>En Espa\u00f1a<\/strong><\/h3>\n<p>En edificios existentes hay unas condiciones de partida que complican alcanzar los elevados requisitos del est\u00e1ndar. Por eso el Passivhaus Institute ha creado una nueva certificaci\u00f3n que se adapta a las <strong>obras de rehabilitaci\u00f3n<\/strong>. El mercado inmobiliario espa\u00f1ol pr\u00e1cticamente <strong>ha agotado los recursos de suelo urbanizable<\/strong> para construir obra nueva y cuenta con un excedente de inmuebles en malas condiciones de habitabilidad. Todav\u00eda son pocos los casos de este tipo pero en Barcelona en 2011 se rehabilit\u00f3 un edificio entre medianeras construido en 1918. Antes de la rehabilitaci\u00f3n el consumo energ\u00e9tico para calefacci\u00f3n era de 171 kWh\/m2\/a\u00f1o y despu\u00e9s ser redujo dr\u00e1sticamente a 16 kWh\/m2\/a\u00f1o.<\/p>\n<h3><strong>Proyecto E3<\/strong><\/h3>\n<p><img loading=\"lazy\" decoding=\"async\" class=\"aligncenter\" src=\"http:\/\/www.ventacan.com\/images\/stories\/empresa\/E3_01.jpg\" alt=\"\" width=\"791\" height=\"527\" \/>Ventacan ha colaborado recientemente con la <strong>Universidad Polit\u00e9cnica de Valencia<\/strong> en la construcci\u00f3n del proyecto <strong>E3 &#8211; Edificaci\u00f3n Eco Eficiente.<\/strong> Se trata de un prototipo de vivienda que ahorra energ\u00eda desde la selecci\u00f3n de materiales, su construcci\u00f3n, hasta su uso y reciclado. El proyecto est\u00e1 ahora en proceso de obtener la certificaci\u00f3n Passivhaus. Nuestra empresa ha participado en la fabricaci\u00f3n e instalaci\u00f3n de todos los cerramientos del edificio, utilizando sistemas de perfiles con una transmitancia t\u00e9rmica muy baja y vidrios de altas prestaciones t\u00e9rmicas y ac\u00fasticas. Adem\u00e1s, ha sido la primera empresa espa\u00f1ola en aplicar el nuevo sistema de instalaci\u00f3n de ventanas Posaclima, ideado por la firma italiana Metra, que mejora aun m\u00e1s los resultados en aislamiento y estanqueidad.<\/p>\n","protected":false},"excerpt":{"rendered":"<p>Las viviendas pasivas o de consumo de energ\u00eda casi nulo son una realidad en pa\u00edses europeos com Alemania o Austria, y en el mundo existen ya alrededor de unos 30.000 edificios construidos con unas estrictas pautas de eficiencia energ\u00e9tica. La orientaci\u00f3n solar, la ventilaci\u00f3n y la estanqueidad al aire son las principales premisas a la [&hellip;]<\/p>\n","protected":false},"author":9,"featured_media":0,"comment_status":"open","ping_status":"closed","sticky":false,"template":"","format":"standard","meta":{"footnotes":""},"categories":[15,33,14,9],"tags":[4,52,12,51],"class_list":["post-447","post","type-post","status-publish","format-standard","hentry","category-ahorro-energetico","category-arquitectura","category-sostenibilidad","category-ventacan","tag-arquitectura","tag-casa-pasivas","tag-eficiencia-energetica","tag-passivhaus"],"_links":{"self":[{"href":"https:\/\/www.nbventacan.com\/blog\/wp-json\/wp\/v2\/posts\/447","targetHints":{"allow":["GET"]}}],"collection":[{"href":"https:\/\/www.nbventacan.com\/blog\/wp-json\/wp\/v2\/posts"}],"about":[{"href":"https:\/\/www.nbventacan.com\/blog\/wp-json\/wp\/v2\/types\/post"}],"author":[{"embeddable":true,"href":"https:\/\/www.nbventacan.com\/blog\/wp-json\/wp\/v2\/users\/9"}],"replies":[{"embeddable":true,"href":"https:\/\/www.nbventacan.com\/blog\/wp-json\/wp\/v2\/comments?post=447"}],"version-history":[{"count":18,"href":"https:\/\/www.nbventacan.com\/blog\/wp-json\/wp\/v2\/posts\/447\/revisions"}],"predecessor-version":[{"id":587,"href":"https:\/\/www.nbventacan.com\/blog\/wp-json\/wp\/v2\/posts\/447\/revisions\/587"}],"wp:attachment":[{"href":"https:\/\/www.nbventacan.com\/blog\/wp-json\/wp\/v2\/media?parent=447"}],"wp:term":[{"taxonomy":"category","embeddable":true,"href":"https:\/\/www.nbventacan.com\/blog\/wp-json\/wp\/v2\/categories?post=447"},{"taxonomy":"post_tag","embeddable":true,"href":"https:\/\/www.nbventacan.com\/blog\/wp-json\/wp\/v2\/tags?post=447"}],"curies":[{"name":"wp","href":"https:\/\/api.w.org\/{rel}","templated":true}]}}