{"id":407,"date":"2014-04-30T09:39:03","date_gmt":"2014-04-30T07:39:03","guid":{"rendered":"http:\/\/www.ventacan.com\/blog\/?p=407"},"modified":"2018-05-09T13:15:36","modified_gmt":"2018-05-09T11:15:36","slug":"sicre","status":"publish","type":"post","link":"https:\/\/www.nbventacan.com\/blog\/sicre\/","title":{"rendered":"Cita con SICRE,  Semana Internacional de la Construcci\u00f3n y Rehabilitaci\u00f3n Eficiente"},"content":{"rendered":"<p style=\"text-align: center;\"><img loading=\"lazy\" decoding=\"async\" class=\"aligncenter  wp-image-409\" title=\"sicre\" src=\"http:\/\/www.ventacan.com\/blog\/wp-content\/uploads\/2014\/04\/sicre.jpg\" alt=\"\" width=\"938\" height=\"617\" srcset=\"https:\/\/www.nbventacan.com\/blog\/wp-content\/uploads\/2014\/04\/sicre.jpg 938w, https:\/\/www.nbventacan.com\/blog\/wp-content\/uploads\/2014\/04\/sicre-300x197.jpg 300w, https:\/\/www.nbventacan.com\/blog\/wp-content\/uploads\/2014\/04\/sicre-456x300.jpg 456w\" sizes=\"auto, (max-width: 938px) 100vw, 938px\" \/><\/p>\n<p>Del 7 al 10 de mayo, la Feria de Madrid acoge el <a href=\"http:\/\/www.ifema.es\/sicre_01\/\" target=\"_blank\">SICRE<\/a> un conjunto de salones, congresos y exposiciones relacionados con la construcci\u00f3n, la rehabilitaci\u00f3n, la sostenibilidad y la eficiencia energ\u00e9tica. Por un lado estar\u00e1 VETECO, el sal\u00f3n internacional de la ventana y el cerramiento acristalado, donde se presentaran las \u00faltimas novedades del sector. Paralelamente, habr\u00e1 el Sal\u00f3n Internacional de Soluciones para la Construccion Sostenible (SCS), muy vinculado con el anterior. Y dentro de este marco, los d\u00edas 6 y 7 se celebrar\u00e1 el <a href=\"http:\/\/www.congreso-edificios-energia-casi-nula.es\/\" target=\"_blank\">II Congreso de Edificios de Energ\u00eda Casi Nula.<\/a><\/p>\n<p style=\"text-align: center;\"><img loading=\"lazy\" decoding=\"async\" class=\"aligncenter  wp-image-410\" title=\"EECN\" src=\"http:\/\/www.ventacan.com\/blog\/wp-content\/uploads\/2014\/04\/EECN.jpg\" alt=\"\" width=\"638\" height=\"191\" srcset=\"https:\/\/www.nbventacan.com\/blog\/wp-content\/uploads\/2014\/04\/EECN.jpg 638w, https:\/\/www.nbventacan.com\/blog\/wp-content\/uploads\/2014\/04\/EECN-300x89.jpg 300w, https:\/\/www.nbventacan.com\/blog\/wp-content\/uploads\/2014\/04\/EECN-500x149.jpg 500w\" sizes=\"auto, (max-width: 638px) 100vw, 638px\" \/><\/p>\n<p>En este congreso se abordar\u00e1 de forma integral todos los aspectos que conforman una edificaci\u00f3n de alta eficiencia energ\u00e9tica, tanto en obra nueva como en rehabilitaci\u00f3n. Las principales \u00e1reas tem\u00e1ticas seran:<\/p>\n<ul>\n<li>Planes, Pol\u00edticas, Estrategias, Financiaci\u00f3n y Viabilidad Econ\u00f3mica para Edificios de Energ\u00eda Casi Nula (EECN)<\/li>\n<li>Dise\u00f1o y Soluciones Arquitect\u00f3nicas para EECN<\/li>\n<li>Rehabilitaci\u00f3n, Regeneraci\u00f3n y Renovaci\u00f3n de EECN<\/li>\n<li>Materiales y Soluciones Constructivas para EECN<\/li>\n<li>Sistemas, Equipos y Tecnolog\u00edas en EECN<\/li>\n<li>Integraci\u00f3n de Energ\u00edas Renovables y generaci\u00f3n energ\u00e9tica autosuficiente en EECN<\/li>\n<li>Actuaciones Urban\u00edsticas para Barrio-Ciudad de Consumo de Energ\u00eda Casi Nulo.<\/li>\n<li>Gesti\u00f3n y Mantenimiento de EECN<\/li>\n<li>Casos Pr\u00e1cticos y Proyectos Europeos de EECN<\/li>\n<\/ul>\n<p>La normativa europea, la viabilidad econ\u00f3mica y los casos pr\u00e1cticos centraran las 3 sesiones magistrales del congreso. Adem\u00e1s habr\u00e1 mesas redondas y diferentes comunicaciones orales a cargo de los participantes en el congreso.<\/p>\n<p>El SICRE 2014 ser\u00e1 con total seguridad un evento de gran relevancia dentro del sector y un forum muy activo donde van a ir tomando forma las pr\u00f3ximas acciones en materia de sostenibilidad y eficiencia energ\u00e9tica. Ventacan estar\u00e1 muy atenta a todo lo que acontezca en este sal\u00f3n.<\/p>\n","protected":false},"excerpt":{"rendered":"<p>Del 7 al 10 de mayo, la Feria de Madrid acoge el SICRE un conjunto de salones, congresos y exposiciones relacionados con la construcci\u00f3n, la rehabilitaci\u00f3n, la sostenibilidad y la eficiencia energ\u00e9tica. Por un lado estar\u00e1 VETECO, el sal\u00f3n internacional de la ventana y el cerramiento acristalado, donde se presentaran las \u00faltimas novedades del sector. [&hellip;]<\/p>\n","protected":false},"author":9,"featured_media":0,"comment_status":"open","ping_status":"closed","sticky":false,"template":"","format":"standard","meta":{"footnotes":""},"categories":[15,33,14],"tags":[150],"class_list":["post-407","post","type-post","status-publish","format-standard","hentry","category-ahorro-energetico","category-arquitectura","category-sostenibilidad","tag-sicre"],"_links":{"self":[{"href":"https:\/\/www.nbventacan.com\/blog\/wp-json\/wp\/v2\/posts\/407","targetHints":{"allow":["GET"]}}],"collection":[{"href":"https:\/\/www.nbventacan.com\/blog\/wp-json\/wp\/v2\/posts"}],"about":[{"href":"https:\/\/www.nbventacan.com\/blog\/wp-json\/wp\/v2\/types\/post"}],"author":[{"embeddable":true,"href":"https:\/\/www.nbventacan.com\/blog\/wp-json\/wp\/v2\/users\/9"}],"replies":[{"embeddable":true,"href":"https:\/\/www.nbventacan.com\/blog\/wp-json\/wp\/v2\/comments?post=407"}],"version-history":[{"count":6,"href":"https:\/\/www.nbventacan.com\/blog\/wp-json\/wp\/v2\/posts\/407\/revisions"}],"predecessor-version":[{"id":590,"href":"https:\/\/www.nbventacan.com\/blog\/wp-json\/wp\/v2\/posts\/407\/revisions\/590"}],"wp:attachment":[{"href":"https:\/\/www.nbventacan.com\/blog\/wp-json\/wp\/v2\/media?parent=407"}],"wp:term":[{"taxonomy":"category","embeddable":true,"href":"https:\/\/www.nbventacan.com\/blog\/wp-json\/wp\/v2\/categories?post=407"},{"taxonomy":"post_tag","embeddable":true,"href":"https:\/\/www.nbventacan.com\/blog\/wp-json\/wp\/v2\/tags?post=407"}],"curies":[{"name":"wp","href":"https:\/\/api.w.org\/{rel}","templated":true}]}}