{"id":329,"date":"2014-01-22T18:36:55","date_gmt":"2014-01-22T17:36:55","guid":{"rendered":"http:\/\/www.ventacan.com\/blog\/?p=329"},"modified":"2018-05-09T13:11:40","modified_gmt":"2018-05-09T11:11:40","slug":"ventacan-inaugura-el-nuevo-showroom-de-madrid-atocha","status":"publish","type":"post","link":"https:\/\/www.nbventacan.com\/blog\/ventacan-inaugura-el-nuevo-showroom-de-madrid-atocha\/","title":{"rendered":"Ventacan inaugura el nuevo showroom de Madrid Atocha"},"content":{"rendered":"<p>Despu\u00e9s de las fiestas navide\u00f1as Ventacan ha abierto al p\u00fablico su segundo showroom en Madrid, en el c\u00e9ntrico barrio de Atocha. Un segundo punto de venta y atenci\u00f3n al cliente en la capital, com un ambiente totalmente di\u00e1fano y vanguardista donde conocer de primera mano las \u00faltimas novedades en sistemas de carpinter\u00eda. El dise\u00f1o y la ejecuci\u00f3n de la obra ha sido realizado por <strong>e-ven<\/strong>, la oficina t\u00e9cnica de Ventacan, como en anteriores showrooms.<\/p>\n<div id='gallery-1' class='gallery galleryid-329 gallery-columns-3 gallery-size-thumbnail'><figure class='gallery-item'>\n\t\t\t<div class='gallery-icon landscape'>\n\t\t\t\t<a href='https:\/\/www.nbventacan.com\/blog\/ventacan-inaugura-el-nuevo-showroom-de-madrid-atocha\/1560548_685967288114382_1006107795_n\/'><img loading=\"lazy\" decoding=\"async\" width=\"150\" height=\"150\" src=\"https:\/\/www.nbventacan.com\/blog\/wp-content\/uploads\/2014\/01\/1560548_685967288114382_1006107795_n-150x150.jpg\" class=\"attachment-thumbnail size-thumbnail\" alt=\"\" \/><\/a>\n\t\t\t<\/div><\/figure><figure class='gallery-item'>\n\t\t\t<div class='gallery-icon portrait'>\n\t\t\t\t<a href='https:\/\/www.nbventacan.com\/blog\/ventacan-inaugura-el-nuevo-showroom-de-madrid-atocha\/1505122_685967184781059_646597607_n\/'><img loading=\"lazy\" decoding=\"async\" width=\"150\" height=\"150\" src=\"https:\/\/www.nbventacan.com\/blog\/wp-content\/uploads\/2014\/01\/1505122_685967184781059_646597607_n-150x150.jpg\" class=\"attachment-thumbnail size-thumbnail\" alt=\"\" \/><\/a>\n\t\t\t<\/div><\/figure><figure class='gallery-item'>\n\t\t\t<div class='gallery-icon portrait'>\n\t\t\t\t<a href='https:\/\/www.nbventacan.com\/blog\/ventacan-inaugura-el-nuevo-showroom-de-madrid-atocha\/1517649_685967291447715_1723310369_n\/'><img loading=\"lazy\" decoding=\"async\" width=\"150\" height=\"150\" src=\"https:\/\/www.nbventacan.com\/blog\/wp-content\/uploads\/2014\/01\/1517649_685967291447715_1723310369_n-150x150.jpg\" class=\"attachment-thumbnail size-thumbnail\" alt=\"\" \/><\/a>\n\t\t\t<\/div><\/figure><figure class='gallery-item'>\n\t\t\t<div class='gallery-icon portrait'>\n\t\t\t\t<a href='https:\/\/www.nbventacan.com\/blog\/ventacan-inaugura-el-nuevo-showroom-de-madrid-atocha\/1545787_685967311447713_1057361161_n\/'><img loading=\"lazy\" decoding=\"async\" width=\"150\" height=\"150\" src=\"https:\/\/www.nbventacan.com\/blog\/wp-content\/uploads\/2014\/01\/1545787_685967311447713_1057361161_n-150x150.jpg\" class=\"attachment-thumbnail size-thumbnail\" alt=\"\" \/><\/a>\n\t\t\t<\/div><\/figure><figure class='gallery-item'>\n\t\t\t<div class='gallery-icon portrait'>\n\t\t\t\t<a href='https:\/\/www.nbventacan.com\/blog\/ventacan-inaugura-el-nuevo-showroom-de-madrid-atocha\/1522051_685967374781040_1916262622_n\/'><img loading=\"lazy\" decoding=\"async\" width=\"150\" height=\"150\" src=\"https:\/\/www.nbventacan.com\/blog\/wp-content\/uploads\/2014\/01\/1522051_685967374781040_1916262622_n-150x150.jpg\" class=\"attachment-thumbnail size-thumbnail\" alt=\"\" \/><\/a>\n\t\t\t<\/div><\/figure><figure class='gallery-item'>\n\t\t\t<div class='gallery-icon portrait'>\n\t\t\t\t<a href='https:\/\/www.nbventacan.com\/blog\/ventacan-inaugura-el-nuevo-showroom-de-madrid-atocha\/1526172_685967364781041_2056988862_n\/'><img loading=\"lazy\" decoding=\"async\" width=\"150\" height=\"150\" src=\"https:\/\/www.nbventacan.com\/blog\/wp-content\/uploads\/2014\/01\/1526172_685967364781041_2056988862_n-150x150.jpg\" class=\"attachment-thumbnail size-thumbnail\" alt=\"\" \/><\/a>\n\t\t\t<\/div><\/figure><figure class='gallery-item'>\n\t\t\t<div class='gallery-icon portrait'>\n\t\t\t\t<a href='https:\/\/www.nbventacan.com\/blog\/ventacan-inaugura-el-nuevo-showroom-de-madrid-atocha\/1535470_685967321447712_535487526_n\/'><img loading=\"lazy\" decoding=\"async\" width=\"150\" height=\"150\" src=\"https:\/\/www.nbventacan.com\/blog\/wp-content\/uploads\/2014\/01\/1535470_685967321447712_535487526_n-150x150.jpg\" class=\"attachment-thumbnail size-thumbnail\" alt=\"\" \/><\/a>\n\t\t\t<\/div><\/figure><figure class='gallery-item'>\n\t\t\t<div class='gallery-icon portrait'>\n\t\t\t\t<a href='https:\/\/www.nbventacan.com\/blog\/ventacan-inaugura-el-nuevo-showroom-de-madrid-atocha\/1601239_685967378114373_2083765182_n\/'><img loading=\"lazy\" decoding=\"async\" width=\"150\" height=\"150\" src=\"https:\/\/www.nbventacan.com\/blog\/wp-content\/uploads\/2014\/01\/1601239_685967378114373_2083765182_n-150x150.jpg\" class=\"attachment-thumbnail size-thumbnail\" alt=\"\" \/><\/a>\n\t\t\t<\/div><\/figure><figure class='gallery-item'>\n\t\t\t<div class='gallery-icon landscape'>\n\t\t\t\t<a href='https:\/\/www.nbventacan.com\/blog\/ventacan-inaugura-el-nuevo-showroom-de-madrid-atocha\/1548140_691845350859909_113864529_o\/'><img loading=\"lazy\" decoding=\"async\" width=\"150\" height=\"150\" src=\"https:\/\/www.nbventacan.com\/blog\/wp-content\/uploads\/2014\/01\/1548140_691845350859909_113864529_o-150x150.jpg\" class=\"attachment-thumbnail size-thumbnail\" alt=\"\" srcset=\"https:\/\/www.nbventacan.com\/blog\/wp-content\/uploads\/2014\/01\/1548140_691845350859909_113864529_o-150x150.jpg 150w, https:\/\/www.nbventacan.com\/blog\/wp-content\/uploads\/2014\/01\/1548140_691845350859909_113864529_o-300x300.jpg 300w, https:\/\/www.nbventacan.com\/blog\/wp-content\/uploads\/2014\/01\/1548140_691845350859909_113864529_o-1024x1024.jpg 1024w, https:\/\/www.nbventacan.com\/blog\/wp-content\/uploads\/2014\/01\/1548140_691845350859909_113864529_o.jpg 1681w\" sizes=\"auto, (max-width: 150px) 100vw, 150px\" \/><\/a>\n\t\t\t<\/div><\/figure>\n\t\t<\/div>\n\n<p>En el nuevo espacio, adem\u00e1s de una amplia selecci\u00f3n de los productos m\u00e1s demandados, nuestros clientes seran los primeros en ver y conocer la nueva serie de correderas de Metra NC-S 120 STH SLIM, de perfiles extradelgados, dise\u00f1o contempor\u00e1neo y con un alto rendimiento en ahorro energ\u00e9tico.<\/p>\n<p>Los buenos resultados de nuestro primer showroom en Madrid (C\/ Mart\u00edn de los Heros) nos han motivado a seguir creciendo en la capital, un mercado con grandes posibilidades y con una gran \u00e1rea de influencia. Los otros dos espacios expositivos de Ventacan se encuentran en Valencia capital y en Bocairent (Valencia), sede de nuestra empresa. Nuestro proyecto es ir ampliando la red de showrooms en la pen\u00ednsula, tanto en el norte como en el sur, para poder cubrir una mayor \u00e1rea geogr\u00e1fica.<\/p>\n<p>Los showrooms son un espacio de asesoramiento para el cliente, de una forma directa y personalizada. Dependiendo del tipo de cliente las demandas var\u00edan. Seg\u00fan el responsable de nuestro showroom en Valencia, \u201clos arquitectos son los m\u00e1s elitistas, ya que suelen pedir las \u00faltimas novedades. En el caso de los aparejadores van m\u00e1s a los precios pues son los encargados de crear los cuadros comparativos con distintos fabricantes. Luego entran los decoradores que suelen solicitar productos calidad-precio siempre ajust\u00e1ndose a lo que su cliente demanda. Despu\u00e9s est\u00e1n los reformistas que suelen ir a productos de una calidad media, y son, despu\u00e9s de los particulares, los que m\u00e1s asesoramiento necesitan a la hora de las posibilidades constructivas. Y por \u00faltimo est\u00e1n los particulares, que todo va en relaci\u00f3n con la necesidad que tenga dicho particular, es decir, plazos de tiempo, nivel de aislamiento, presupuesto&#8230;\u201d<\/p>\n<p><strong>\u00bfA\u00fan no te has pasado por nuestros showrooms? \u00bfA qu\u00e9 esperas?<\/strong><\/p>\n<p>Showroom MADRID-ATOCHA<br \/>\nPaseo Santa Mar\u00eda de la\u00a0 Cabeza, 42 &#8211; 28045 Madrid \u2022 Tel. 915 304 290<br \/>\n<a href=\"mailto:atocha@ventacan.com\">atocha@ventacan.com<\/a><\/p>\n<p>Showroom MADRID-MONCLOA<br \/>\nC\/ Mart\u00edn de los Heros, 32 &#8211; 28008 Madrid \u2022 Tel.: 915 420 666<br \/>\n<a href=\"mailto:madrid@ventacan.com\">madrid@ventacan.com<\/a><\/p>\n<p>Showroom VALENCIA<br \/>\nAv. Antiguo Reino de Valencia, 87 &#8211; 46005 Valencia \u2022 Tel.: 963 353 193<br \/>\n<a href=\"mailto:valencia@ventacan.com\">valencia@ventacan.com<\/a><\/p>\n<p>Ventacan BOCAIRENT<br \/>\nCtra. Villena, s\/n &#8211;\u00a046880 Bocairent (Valencia) \u2022\u00a0Tel. 962 355 016<br \/>\n<a href=\"mailto:info@ventacan.com\">info@ventacan.com<\/a><\/p>\n<div><\/div>\n","protected":false},"excerpt":{"rendered":"<p>Despu\u00e9s de las fiestas navide\u00f1as Ventacan ha abierto al p\u00fablico su segundo showroom en Madrid, en el c\u00e9ntrico barrio de Atocha. Un segundo punto de venta y atenci\u00f3n al cliente en la capital, com un ambiente totalmente di\u00e1fano y vanguardista donde conocer de primera mano las \u00faltimas novedades en sistemas de carpinter\u00eda. El dise\u00f1o y [&hellip;]<\/p>\n","protected":false},"author":9,"featured_media":0,"comment_status":"open","ping_status":"closed","sticky":false,"template":"","format":"gallery","meta":{"footnotes":""},"categories":[32,24,9],"tags":[139,141],"class_list":["post-329","post","type-post","status-publish","format-gallery","hentry","category-atencion-al-cliente","category-diseno","category-ventacan","tag-puertas-y-ventanas","tag-ventacan-madrid","post_format-post-format-gallery"],"_links":{"self":[{"href":"https:\/\/www.nbventacan.com\/blog\/wp-json\/wp\/v2\/posts\/329","targetHints":{"allow":["GET"]}}],"collection":[{"href":"https:\/\/www.nbventacan.com\/blog\/wp-json\/wp\/v2\/posts"}],"about":[{"href":"https:\/\/www.nbventacan.com\/blog\/wp-json\/wp\/v2\/types\/post"}],"author":[{"embeddable":true,"href":"https:\/\/www.nbventacan.com\/blog\/wp-json\/wp\/v2\/users\/9"}],"replies":[{"embeddable":true,"href":"https:\/\/www.nbventacan.com\/blog\/wp-json\/wp\/v2\/comments?post=329"}],"version-history":[{"count":11,"href":"https:\/\/www.nbventacan.com\/blog\/wp-json\/wp\/v2\/posts\/329\/revisions"}],"predecessor-version":[{"id":349,"href":"https:\/\/www.nbventacan.com\/blog\/wp-json\/wp\/v2\/posts\/329\/revisions\/349"}],"wp:attachment":[{"href":"https:\/\/www.nbventacan.com\/blog\/wp-json\/wp\/v2\/media?parent=329"}],"wp:term":[{"taxonomy":"category","embeddable":true,"href":"https:\/\/www.nbventacan.com\/blog\/wp-json\/wp\/v2\/categories?post=329"},{"taxonomy":"post_tag","embeddable":true,"href":"https:\/\/www.nbventacan.com\/blog\/wp-json\/wp\/v2\/tags?post=329"}],"curies":[{"name":"wp","href":"https:\/\/api.w.org\/{rel}","templated":true}]}}