{"id":224,"date":"2013-02-13T17:25:02","date_gmt":"2013-02-13T16:25:02","guid":{"rendered":"http:\/\/www.ventacan.com\/blog\/?p=224"},"modified":"2018-05-09T13:14:53","modified_gmt":"2018-05-09T11:14:53","slug":"a-punto-para-la-certificacion-energetica-de-edificios-existentes","status":"publish","type":"post","link":"https:\/\/www.nbventacan.com\/blog\/a-punto-para-la-certificacion-energetica-de-edificios-existentes\/","title":{"rendered":"A punto para la Certificaci\u00f3n Energ\u00e9tica de Edificios Existentes"},"content":{"rendered":"<p><img loading=\"lazy\" decoding=\"async\" class=\"alignleft size-full wp-image-227\" title=\"Certificaci\u00f3n energ\u00e9tica\" src=\"http:\/\/www.ventacan.com\/blog\/wp-content\/uploads\/2013\/02\/Certificacion-energetica.jpg\" alt=\"\" width=\"213\" height=\"362\" srcset=\"https:\/\/www.nbventacan.com\/blog\/wp-content\/uploads\/2013\/02\/Certificacion-energetica.jpg 213w, https:\/\/www.nbventacan.com\/blog\/wp-content\/uploads\/2013\/02\/Certificacion-energetica-176x300.jpg 176w\" sizes=\"auto, (max-width: 213px) 100vw, 213px\" \/>Al igual que nuestros electrodom\u00e9sticos, los edificios que se construyan, vendan o alquilen, tendr\u00e1n la obligaci\u00f3n de ir certificados con la clasificaci\u00f3n de eficiencia energ\u00e9tica.\u00a0La etiqueta energ\u00e9tica clasifica los edificios dentro de una escala de siete letras, que parte de la letra A (edificio m\u00e1s eficiente) a la letra G (edificio menos eficiente).\u00a0Esta nueva norma que el gobierno espa\u00f1ol est\u00e1 acabando de perfilar, y de la que ya tenemos un <a href=\"http:\/\/www.minetur.gob.es\/energia\/es-ES\/Participacion\/Paginas\/Cerradas\/PRDeficiencia_energetica_edificios.aspx\" target=\"_blank\">borrador<\/a> de Real Decreto de junio de 2012, est\u00e1 promovida por la Uni\u00f3n Europea en la <a href=\"http:\/\/www.idae.es\/PFCEE\/Directiva_2010-31_UE%20de%2019%20mayo.pdf\" target=\"_blank\">Directiva 2010\/31\/UE<\/a>, de 19 de mayo y se prevee que entre en vigor en los pr\u00f3ximos meses.<!--more--><\/p>\n<p>Previamente, para poder realizar la futura certificaci\u00f3n de los edificios, los\u00a0Ministerios de Industria, Energ\u00eda y Turismo y de Fomento, a traves del <a href=\"http:\/\/www.idae.es\/PFCEE\/certificacion_edificios.html\" target=\"_blank\">IDAE<\/a> (Instituto para la Diversificaci\u00f3n y Ahorro de la Energ\u00eda), ha elaborado un <a href=\"http:\/\/www.idae.es\/PFCEE\/calendario_cursos_presenciales.html\" target=\"_blank\">plan de formaci\u00f3n<\/a> para los profesionales que tengan que realizar la certificaci\u00f3n, y que acabar\u00e1 en junio de 2013. Tambi\u00e9n ha puesto a disposici\u00f3n de estos profesionales los <a href=\"http:\/\/www.minetur.gob.es\/energia\/desarrollo\/EficienciaEnergetica\/CertificacionEnergetica\/DocumentosReconocidos\/Paginas\/documentosreconocidos.aspx\" target=\"_blank\">programas inform\u00e1ticos<\/a> necesarios para poder realizar este c\u00e1lculo. La certificaci\u00f3n, adem\u00e1s del grado de eficiencia energ\u00e9tica del edificio, deber\u00e1 recoger una serie de recomendaciones para poder mejorar dicha eficiencia y subir el nivel de clasificaci\u00f3n.<\/p>\n<p><img loading=\"lazy\" decoding=\"async\" class=\"alignnone size-full wp-image-228\" title=\"eficiencia_energetica\" src=\"http:\/\/www.ventacan.com\/blog\/wp-content\/uploads\/2013\/02\/eficiencia_energetica.jpg\" alt=\"\" width=\"600\" height=\"433\" srcset=\"https:\/\/www.nbventacan.com\/blog\/wp-content\/uploads\/2013\/02\/eficiencia_energetica.jpg 600w, https:\/\/www.nbventacan.com\/blog\/wp-content\/uploads\/2013\/02\/eficiencia_energetica-300x216.jpg 300w, https:\/\/www.nbventacan.com\/blog\/wp-content\/uploads\/2013\/02\/eficiencia_energetica-415x300.jpg 415w\" sizes=\"auto, (max-width: 600px) 100vw, 600px\" \/><\/p>\n<p>Dentro de estas recomendaciones o medidas de ahorro energ\u00e9tico se distinguen dos tipos:<\/p>\n<p><strong>Medidas activas<\/strong>: son las que mejoran la eficiencia de los sistemas de calefacci\u00f3n, refrigeraci\u00f3n o iluminaci\u00f3n; tales como sustituci\u00f3n de la caldera por otra de condensaci\u00f3n, utilizaci\u00f3n de bomba de calor en los aparatos de refrigeraci\u00f3n o instalar l\u00e1mparas de bajo consumo.<\/p>\n<p><strong>Medidas pasivas<\/strong>: son las medidas que disminuyen la demanda energ\u00e9tica del edificio; tales como aumentar el aislamiento de la fachada, sustituir las ventanas por otras de doble acristalamiento y rotura de puente t\u00e9rmico, instalaci\u00f3n de protecciones solares, etc.<\/p>\n<p>Esta certificaci\u00f3n deber\u00e1 realizarla obligatoriamente el propietario del edificio o vivienda si va a venderla o alquilarla para que sirva de informaci\u00f3n a los futuros compradores o inquilinos. La duraci\u00f3n del certificado ser\u00e1 de diez a\u00f1os y si en este periodo se han realizado obras destinadas a mejorar la eficiencia energ\u00e9tica, se recomendar\u00e1 volver a realizar la certificaci\u00f3n para poder mejorar la calificaci\u00f3n energ\u00e9tica y de este modo revalorizar el edificio en general.<\/p>\n<p>En el <a href=\"http:\/\/www.fomento.gob.es\/mfom\/lang_castellano\/direcciones_generales\/arq_vivienda\/_informacion\/normativa\/codigoedificacion.htm\" target=\"_blank\">C\u00f3digo T\u00e9cnico de la Edificaci\u00f3n<\/a> (CTE) de 2007 se recogen todas las exigencias para las viviendas nuevas a partir de ese a\u00f1o en materia de eficiencia energ\u00e9tica, adaptadas a cada zona de Espa\u00f1a. Dicho C\u00f3digo ser\u00e1 tambi\u00e9n revisado a partir de la nueva norma que prepara actualmente el ejecutivo espa\u00f1ol. Desde aqu\u00ed os iremos informando de las novedades que vayan surgiendo.<\/p>\n","protected":false},"excerpt":{"rendered":"<p>Al igual que nuestros electrodom\u00e9sticos, los edificios que se construyan, vendan o alquilen, tendr\u00e1n la obligaci\u00f3n de ir certificados con la clasificaci\u00f3n de eficiencia energ\u00e9tica.\u00a0La etiqueta energ\u00e9tica clasifica los edificios dentro de una escala de siete letras, que parte de la letra A (edificio m\u00e1s eficiente) a la letra G (edificio menos eficiente).\u00a0Esta nueva norma [&hellip;]<\/p>\n","protected":false},"author":9,"featured_media":0,"comment_status":"open","ping_status":"closed","sticky":false,"template":"","format":"standard","meta":{"footnotes":""},"categories":[15,33,9],"tags":[148],"class_list":["post-224","post","type-post","status-publish","format-standard","hentry","category-ahorro-energetico","category-arquitectura","category-ventacan","tag-certificacion-energetica"],"_links":{"self":[{"href":"https:\/\/www.nbventacan.com\/blog\/wp-json\/wp\/v2\/posts\/224","targetHints":{"allow":["GET"]}}],"collection":[{"href":"https:\/\/www.nbventacan.com\/blog\/wp-json\/wp\/v2\/posts"}],"about":[{"href":"https:\/\/www.nbventacan.com\/blog\/wp-json\/wp\/v2\/types\/post"}],"author":[{"embeddable":true,"href":"https:\/\/www.nbventacan.com\/blog\/wp-json\/wp\/v2\/users\/9"}],"replies":[{"embeddable":true,"href":"https:\/\/www.nbventacan.com\/blog\/wp-json\/wp\/v2\/comments?post=224"}],"version-history":[{"count":8,"href":"https:\/\/www.nbventacan.com\/blog\/wp-json\/wp\/v2\/posts\/224\/revisions"}],"predecessor-version":[{"id":602,"href":"https:\/\/www.nbventacan.com\/blog\/wp-json\/wp\/v2\/posts\/224\/revisions\/602"}],"wp:attachment":[{"href":"https:\/\/www.nbventacan.com\/blog\/wp-json\/wp\/v2\/media?parent=224"}],"wp:term":[{"taxonomy":"category","embeddable":true,"href":"https:\/\/www.nbventacan.com\/blog\/wp-json\/wp\/v2\/categories?post=224"},{"taxonomy":"post_tag","embeddable":true,"href":"https:\/\/www.nbventacan.com\/blog\/wp-json\/wp\/v2\/tags?post=224"}],"curies":[{"name":"wp","href":"https:\/\/api.w.org\/{rel}","templated":true}]}}