{"id":170,"date":"2013-01-17T13:03:20","date_gmt":"2013-01-17T12:03:20","guid":{"rendered":"http:\/\/www.ventacan.com\/blog\/?p=170"},"modified":"2018-05-09T13:15:54","modified_gmt":"2018-05-09T11:15:54","slug":"sistemas-de-calefaccion-y-eficiencia-energetica","status":"publish","type":"post","link":"https:\/\/www.nbventacan.com\/blog\/sistemas-de-calefaccion-y-eficiencia-energetica\/","title":{"rendered":"Sistemas de calefacci\u00f3n y eficiencia energ\u00e9tica"},"content":{"rendered":"<p><img loading=\"lazy\" decoding=\"async\" class=\"size-medium wp-image-176 alignleft\" title=\"Energ\u00eda solar t\u00e9rmica\" src=\"http:\/\/www.ventacan.com\/blog\/wp-content\/uploads\/2013\/01\/solar_termica-300x222.jpg\" alt=\"\" width=\"300\" height=\"222\" srcset=\"https:\/\/www.nbventacan.com\/blog\/wp-content\/uploads\/2013\/01\/solar_termica-300x222.jpg 300w, https:\/\/www.nbventacan.com\/blog\/wp-content\/uploads\/2013\/01\/solar_termica-404x300.jpg 404w, https:\/\/www.nbventacan.com\/blog\/wp-content\/uploads\/2013\/01\/solar_termica.jpg 640w\" sizes=\"auto, (max-width: 300px) 100vw, 300px\" \/><\/p>\n<p>Con la llegada del invierno y el aumento considerable de nuestra factura el\u00e9ctrica volvemos a preguntarnos qu\u00e9 podemos hacer para conseguir un mayor ahorro energ\u00e9tico y qu\u00e9 sistemas de calefacci\u00f3n son los m\u00e1s adecuados. Las calefacciones utilizadas en los hogares de nuestro pa\u00eds representan cerca de la mitad de todo el gasto energ\u00e9tico consumido en nuestras viviendas, lo que desde luego no dice nada a favor de la eficiencia de los sistemas calefactores utilizados, a pesar de ser una mayor\u00eda las que utilizan calefacci\u00f3n de gas.<\/p>\n<p><!--more-->Una de las consideraciones previas a la eleccions del tipo de calefacci\u00f3n es comprobar que<strong> nuestra vivienda dispone de un buen aislamiento<\/strong>, que impida la entrada del fr\u00edo aire invernal. Como hemos dicho en otras ocasiones, esto se consigue en buena parte eligiendo unas buenas ventanas y cerramientos. Si nos decidimos por las ventanas de aluminio, lo aconsejable y casi obligatorio es escojer un sistema con rotura de puente t\u00e9rmico y, dentro de nuestras posibilidades, un perfil que, junto con un buen vidrio, ofrezca los niveles m\u00e1s bajos de transmitancia t\u00e9rmica. Una vez tengamos esta base podemos pasar a plantearnos que sistema de calefacci\u00f3n puede ser el m\u00e1s eficiente tanto mediambiental como econ\u00f3micamente.<\/p>\n<p>&nbsp;<\/p>\n<p>Seg\u00fan trabajos realizados por investigadores del Consejo Superior de Investigaciones Cient\u00edficas (CSIC), de la Universidad Nacional de Educaci\u00f3n a Distancia (UNED) y de la Universidad Carlos III de Madrid, un sistema de <strong>energ\u00eda solar t\u00e9rmica<\/strong> podr\u00eda reducir en un 30% la producci\u00f3n de gases de efecto invernadero que se producen al generar la energ\u00eda que consumimos en calefacci\u00f3n. Dicho estudio explica que con una instalaci\u00f3n solar t\u00e9rmica de 40 m2 se podr\u00eda cubrir el 65% de la demanda energ\u00e9tica de una vivienda media espa\u00f1ola en concepto de calefacci\u00f3n y refrigeraci\u00f3n. El uso de paneles solares t\u00e9rmicos como fuente de energ\u00eda se hace especialmente aconsejable en pa\u00edses como Espa\u00f1a, por su rendimiento a lo largo de todo el a\u00f1o.<\/p>\n<p><img loading=\"lazy\" decoding=\"async\" class=\" wp-image-179 alignleft\" title=\"caldera de gas\" src=\"http:\/\/www.ventacan.com\/blog\/wp-content\/uploads\/2013\/01\/caldera-gas-229x300.jpg\" alt=\"\" width=\"146\" height=\"192\" srcset=\"https:\/\/www.nbventacan.com\/blog\/wp-content\/uploads\/2013\/01\/caldera-gas-229x300.jpg 229w, https:\/\/www.nbventacan.com\/blog\/wp-content\/uploads\/2013\/01\/caldera-gas.jpg 388w\" sizes=\"auto, (max-width: 146px) 100vw, 146px\" \/><\/p>\n<p>Por otro lado la Organizaci\u00f3n de Consumidores y Usuarios (OCU) aconseja la <strong>calefacci\u00f3n con gas<\/strong>. Si tiene suministro de gas canalizado, lo ideal ser\u00eda que contara con una caldera mixta de gas propano o gas natural con sus correspondientes radiadores de agua. La mejor opci\u00f3n es una caldera de condensaci\u00f3n, que tiene un rendimiento del 18% superior a las convencionales. El sobrecoste de este equipo, unos 500 euros m\u00e1s, lo amortizar\u00e1 en pocos a\u00f1os.<\/p>\n<p>&nbsp;<\/p>\n<p><strong><img loading=\"lazy\" decoding=\"async\" class=\"alignleft  wp-image-171\" title=\"aire-acondicionado2\" src=\"http:\/\/www.ventacan.com\/blog\/wp-content\/uploads\/2013\/01\/aire-acondicionado2-300x200.jpg\" alt=\"\" width=\"240\" height=\"160\" srcset=\"https:\/\/www.nbventacan.com\/blog\/wp-content\/uploads\/2013\/01\/aire-acondicionado2-300x200.jpg 300w, https:\/\/www.nbventacan.com\/blog\/wp-content\/uploads\/2013\/01\/aire-acondicionado2-450x300.jpg 450w, https:\/\/www.nbventacan.com\/blog\/wp-content\/uploads\/2013\/01\/aire-acondicionado2.jpg 462w\" sizes=\"auto, (max-width: 240px) 100vw, 240px\" \/>Aire acondicionado<\/strong>: Su consumo energ\u00e9tico var\u00eda seg\u00fan el modelo, siendo los m\u00e1s eficientes los de tecnolog\u00eda <em>inverter<\/em>. Pero no se recomienda en zonas de mucho fr\u00edo, si no se dispone de otro sistema complementario. Adem\u00e1s resecan el ambiente, por lo que no resultan saludables para un uso permanente.<\/p>\n<p>&nbsp;<\/p>\n<p><img loading=\"lazy\" decoding=\"async\" class=\"alignleft  wp-image-174\" title=\"emisores-termicos\" src=\"http:\/\/www.ventacan.com\/blog\/wp-content\/uploads\/2013\/01\/emisores-termicos-300x194.jpg\" alt=\"\" width=\"240\" height=\"155\" srcset=\"https:\/\/www.nbventacan.com\/blog\/wp-content\/uploads\/2013\/01\/emisores-termicos-300x194.jpg 300w, https:\/\/www.nbventacan.com\/blog\/wp-content\/uploads\/2013\/01\/emisores-termicos-463x300.jpg 463w, https:\/\/www.nbventacan.com\/blog\/wp-content\/uploads\/2013\/01\/emisores-termicos.jpg 480w\" sizes=\"auto, (max-width: 240px) 100vw, 240px\" \/><\/p>\n<p><strong>Emisores t\u00e9rmicos<\/strong> <strong>o \u201ccalor azul\u201d<\/strong>: tienen un consumo menor que los radiadores convencionales pero su elevado coste no compensa el porcentaje de ahorro energ\u00e9tico.<\/p>\n<p><strong>Chimeneas abiertas:<\/strong> son las menos eficientes ya que no s\u00f3lo no calientan de forma uniforme, sino que el gasto en le\u00f1a es muy importante, consume ox\u00edgeno y provoca un enfriamiento en el resto de estancias si no se deja una entrada de aire exterior.<\/p>\n<p><strong><img loading=\"lazy\" decoding=\"async\" class=\"alignleft  wp-image-172\" title=\"chimeneas-cerrada\" src=\"http:\/\/www.ventacan.com\/blog\/wp-content\/uploads\/2013\/01\/chimeneas-cerrada-300x237.jpg\" alt=\"\" width=\"240\" height=\"190\" srcset=\"https:\/\/www.nbventacan.com\/blog\/wp-content\/uploads\/2013\/01\/chimeneas-cerrada-300x237.jpg 300w, https:\/\/www.nbventacan.com\/blog\/wp-content\/uploads\/2013\/01\/chimeneas-cerrada-378x300.jpg 378w, https:\/\/www.nbventacan.com\/blog\/wp-content\/uploads\/2013\/01\/chimeneas-cerrada.jpg 600w\" sizes=\"auto, (max-width: 240px) 100vw, 240px\" \/>Chimeneas cerradas:<\/strong> las hay empotradas y de exterior, son m\u00e1s eficiente que las de tipo abierto ya que se puede controlar mejor la combusti\u00f3n. En su mayor\u00eda llevan ventilador forzado, salvo las conocidas por chimeneas sin obra o salamandras.<\/p>\n<p>&nbsp;<\/p>\n<p>&nbsp;<\/p>\n<p><strong><img loading=\"lazy\" decoding=\"async\" class=\"alignleft size-medium wp-image-175\" title=\"estufa-a-pellets-moderna\" src=\"http:\/\/www.ventacan.com\/blog\/wp-content\/uploads\/2013\/01\/estufa-a-pellets-moderna-239x300.jpg\" alt=\"\" width=\"239\" height=\"300\" srcset=\"https:\/\/www.nbventacan.com\/blog\/wp-content\/uploads\/2013\/01\/estufa-a-pellets-moderna-239x300.jpg 239w, https:\/\/www.nbventacan.com\/blog\/wp-content\/uploads\/2013\/01\/estufa-a-pellets-moderna.jpg 570w\" sizes=\"auto, (max-width: 239px) 100vw, 239px\" \/>Estufas de pelet o biomasa<\/strong>, son m\u00e1s eficientes que las anteriores consumen tres veces menos le\u00f1a que las chimeneas cerradas por lo que el combustible es m\u00e1s econ\u00f3mico. Son totalmente autom\u00e1ticas en lo que es encendido y gesti\u00f3n del combustible, programables incluso opcionalmente controladas desde un tel\u00e9fono m\u00f3vil. No deja holl\u00edn como las chimeneas sino una ceniza utilizable como abono. El combustible, pelet de madera, se suele suministrar en sacos de 15kg (equivalente a 45 kg de le\u00f1a) lo que hace que sea mas c\u00f3modo y econ\u00f3mico que la le\u00f1a y de f\u00e1cil apilamiento.<\/p>\n<p><strong>Radiadores el\u00e9ctricos<\/strong>, son pr\u00e1cticos y de f\u00e1cil instalaci\u00f3n pero caros en el gasto de energ\u00eda. Ideal para calefaccionar una estancia durante pocas horas al d\u00eda, pero demasiado caros si se pretende calefaccionar una vivienda. El gasto energ\u00e9tico es de los m\u00e1s elevados.<\/p>\n<p><strong>Radiadores de agua<\/strong>, nos permite calefaccionar muchas estancias y son m\u00e1s econ\u00f3micos que los el\u00e9ctricos aunque en contrapartida requieren mano de obra especializada, lo que los hace m\u00e1s caros contando el circuito de agua necesario. Este tipo de calefacci\u00f3n, desde un punto sanitario, es m\u00e1s limpia que las chimeneas pero menos que el suelo radiante.<\/p>\n<p><strong><img loading=\"lazy\" decoding=\"async\" class=\"alignleft size-medium wp-image-178\" title=\"sueloradiante\" src=\"http:\/\/www.ventacan.com\/blog\/wp-content\/uploads\/2013\/01\/sueloradiante-300x248.jpg\" alt=\"\" width=\"300\" height=\"248\" srcset=\"https:\/\/www.nbventacan.com\/blog\/wp-content\/uploads\/2013\/01\/sueloradiante-300x248.jpg 300w, https:\/\/www.nbventacan.com\/blog\/wp-content\/uploads\/2013\/01\/sueloradiante.jpg 350w\" sizes=\"auto, (max-width: 300px) 100vw, 300px\" \/>Suelo o losa radiante<\/strong>, es el sistema m\u00e1s efectivo y de menor consumo. Se debe instalar de obra o en reformas de consideraci\u00f3n, por lo que resulta bastante costosa. Es un sistema muy confortable y bastante saludable ya que no produce movimiento del aire. Aunque tambi\u00e9n existen contraindicaciones, principalment en personas que padecen varices o problemas circulatorios.<\/p>\n","protected":false},"excerpt":{"rendered":"<p>Con la llegada del invierno y el aumento considerable de nuestra factura el\u00e9ctrica volvemos a preguntarnos qu\u00e9 podemos hacer para conseguir un mayor ahorro energ\u00e9tico y qu\u00e9 sistemas de calefacci\u00f3n son los m\u00e1s adecuados. Las calefacciones utilizadas en los hogares de nuestro pa\u00eds representan cerca de la mitad de todo el gasto energ\u00e9tico consumido en [&hellip;]<\/p>\n","protected":false},"author":9,"featured_media":0,"comment_status":"open","ping_status":"closed","sticky":false,"template":"","format":"standard","meta":{"footnotes":""},"categories":[15],"tags":[12],"class_list":["post-170","post","type-post","status-publish","format-standard","hentry","category-ahorro-energetico","tag-eficiencia-energetica"],"_links":{"self":[{"href":"https:\/\/www.nbventacan.com\/blog\/wp-json\/wp\/v2\/posts\/170","targetHints":{"allow":["GET"]}}],"collection":[{"href":"https:\/\/www.nbventacan.com\/blog\/wp-json\/wp\/v2\/posts"}],"about":[{"href":"https:\/\/www.nbventacan.com\/blog\/wp-json\/wp\/v2\/types\/post"}],"author":[{"embeddable":true,"href":"https:\/\/www.nbventacan.com\/blog\/wp-json\/wp\/v2\/users\/9"}],"replies":[{"embeddable":true,"href":"https:\/\/www.nbventacan.com\/blog\/wp-json\/wp\/v2\/comments?post=170"}],"version-history":[{"count":11,"href":"https:\/\/www.nbventacan.com\/blog\/wp-json\/wp\/v2\/posts\/170\/revisions"}],"predecessor-version":[{"id":604,"href":"https:\/\/www.nbventacan.com\/blog\/wp-json\/wp\/v2\/posts\/170\/revisions\/604"}],"wp:attachment":[{"href":"https:\/\/www.nbventacan.com\/blog\/wp-json\/wp\/v2\/media?parent=170"}],"wp:term":[{"taxonomy":"category","embeddable":true,"href":"https:\/\/www.nbventacan.com\/blog\/wp-json\/wp\/v2\/categories?post=170"},{"taxonomy":"post_tag","embeddable":true,"href":"https:\/\/www.nbventacan.com\/blog\/wp-json\/wp\/v2\/tags?post=170"}],"curies":[{"name":"wp","href":"https:\/\/api.w.org\/{rel}","templated":true}]}}