{"id":160,"date":"2012-12-28T19:09:33","date_gmt":"2012-12-28T18:09:33","guid":{"rendered":"http:\/\/www.ventacan.com\/blog\/?p=160"},"modified":"2018-05-09T13:16:04","modified_gmt":"2018-05-09T11:16:04","slug":"recordando-al-arquitecto-de-la-curva-oscar-niemeyer","status":"publish","type":"post","link":"https:\/\/www.nbventacan.com\/blog\/recordando-al-arquitecto-de-la-curva-oscar-niemeyer\/","title":{"rendered":"Recordando al arquitecto de la curva, Oscar Niemeyer"},"content":{"rendered":"<p>Ahora que acabamos el a\u00f1o, y echando un poco la vista atr\u00e1s nos hemos dado cuenta que en nuestro blog nos faltaba la menci\u00f3n de un personaje muy importante en el mundo de la arquitectura. El arquitecto brasile\u00f1o Oscar Niemeyer nos dejaba a sus casi 105 a\u00f1os el pasado 5 de diciembre.<\/p>\n<figure id=\"attachment_161\" aria-describedby=\"caption-attachment-161\" style=\"width: 721px\" class=\"wp-caption aligncenter\"><img loading=\"lazy\" decoding=\"async\" class=\" wp-image-161\" title=\"Oscar_Niemeyer\" src=\"http:\/\/www.ventacan.com\/blog\/wp-content\/uploads\/2012\/12\/Oscar_Niemeyer.jpg\" alt=\"\" width=\"721\" height=\"510\" srcset=\"https:\/\/www.nbventacan.com\/blog\/wp-content\/uploads\/2012\/12\/Oscar_Niemeyer.jpg 721w, https:\/\/www.nbventacan.com\/blog\/wp-content\/uploads\/2012\/12\/Oscar_Niemeyer-300x212.jpg 300w, https:\/\/www.nbventacan.com\/blog\/wp-content\/uploads\/2012\/12\/Oscar_Niemeyer-424x300.jpg 424w\" sizes=\"auto, (max-width: 721px) 100vw, 721px\" \/><figcaption id=\"caption-attachment-161\" class=\"wp-caption-text\">Oscar Niemeyer<\/figcaption><\/figure>\n<p><!--more-->Era el \u00faltimo superviviente de los grandes maestros del siglo XX, selecto club integrado por nombres como Le Corbusier, Mies van der Rohe o Frank Lloyd Wright. Para Niemeyer \u201c<em>la arquitectura es una cuesti\u00f3n de sue\u00f1os y fantas\u00edas, de curvas generosas y de espacios amplios y abiertos<\/em>\u201d aunque tambi\u00e9n solia decir que \u201c<em>la vida siempre me pareci\u00f3 m\u00e1s importante que la arquitectura<\/em>\u201d.<\/p>\n<p>Deja un legado de m\u00e1s de 500 proyectos en un gran n\u00famero de pa\u00edses: desde la universidad de la ciudad argelina de Constantina, hasta el centro Niemeyer en Avil\u00e9s, la sede del Partido Comunista de Francia, el complejo de la ONU en Nueva York, en cuyo proyecto colabor\u00f3, o la matriz de la editorial Mondadori en Mil\u00e1n, una de sus obras predilectas. El complejo arquitect\u00f3nico de Brasilia, con sus ministerios milim\u00e9tricamente alineados y sus palacios gubernamentales de la Alvorada, Planalto o Itamaraty, represent\u00f3 su consagraci\u00f3n definitiva. Brasilia a\u00fan desata tantas pasiones como cr\u00edticas en los c\u00edrculos acad\u00e9micos. \u00c9l mismo, consciente de esta controversia, sol\u00eda decir que si hubiese tenido que afrontar el mismo reto en sus \u00faltimos a\u00f1os lo habr\u00eda hecho de un modo diferente.<\/p>\n<figure id=\"attachment_162\" aria-describedby=\"caption-attachment-162\" style=\"width: 1150px\" class=\"wp-caption aligncenter\"><img loading=\"lazy\" decoding=\"async\" class=\" wp-image-162\" title=\"catedral_brasilia\" src=\"http:\/\/www.ventacan.com\/blog\/wp-content\/uploads\/2012\/12\/catedral_brasilia.jpg\" alt=\"\" width=\"1150\" height=\"1150\" srcset=\"https:\/\/www.nbventacan.com\/blog\/wp-content\/uploads\/2012\/12\/catedral_brasilia.jpg 1150w, https:\/\/www.nbventacan.com\/blog\/wp-content\/uploads\/2012\/12\/catedral_brasilia-150x150.jpg 150w, https:\/\/www.nbventacan.com\/blog\/wp-content\/uploads\/2012\/12\/catedral_brasilia-300x300.jpg 300w, https:\/\/www.nbventacan.com\/blog\/wp-content\/uploads\/2012\/12\/catedral_brasilia-1024x1024.jpg 1024w\" sizes=\"auto, (max-width: 1150px) 100vw, 1150px\" \/><figcaption id=\"caption-attachment-162\" class=\"wp-caption-text\">Catedral de Brasilia<\/figcaption><\/figure>\n<figure id=\"attachment_163\" aria-describedby=\"caption-attachment-163\" style=\"width: 800px\" class=\"wp-caption aligncenter\"><img loading=\"lazy\" decoding=\"async\" class=\" wp-image-163 \" title=\"Palacio_do_Planalto\" src=\"http:\/\/www.ventacan.com\/blog\/wp-content\/uploads\/2012\/12\/Palacio_do_Planalto.jpeg\" alt=\"\" width=\"800\" height=\"525\" srcset=\"https:\/\/www.nbventacan.com\/blog\/wp-content\/uploads\/2012\/12\/Palacio_do_Planalto.jpeg 800w, https:\/\/www.nbventacan.com\/blog\/wp-content\/uploads\/2012\/12\/Palacio_do_Planalto-300x196.jpeg 300w, https:\/\/www.nbventacan.com\/blog\/wp-content\/uploads\/2012\/12\/Palacio_do_Planalto-457x300.jpeg 457w\" sizes=\"auto, (max-width: 800px) 100vw, 800px\" \/><figcaption id=\"caption-attachment-163\" class=\"wp-caption-text\">Palacio de Planalto en Brasilia<\/figcaption><\/figure>\n<figure id=\"attachment_164\" aria-describedby=\"caption-attachment-164\" style=\"width: 980px\" class=\"wp-caption aligncenter\"><img loading=\"lazy\" decoding=\"async\" class=\" wp-image-164 \" title=\"centro-cultural-internacional-oscar-niemeyer\" src=\"http:\/\/www.ventacan.com\/blog\/wp-content\/uploads\/2012\/12\/centro-cultural-internacional-oscar-niemeyer.jpg\" alt=\"\" width=\"980\" height=\"653\" srcset=\"https:\/\/www.nbventacan.com\/blog\/wp-content\/uploads\/2012\/12\/centro-cultural-internacional-oscar-niemeyer.jpg 980w, https:\/\/www.nbventacan.com\/blog\/wp-content\/uploads\/2012\/12\/centro-cultural-internacional-oscar-niemeyer-300x199.jpg 300w, https:\/\/www.nbventacan.com\/blog\/wp-content\/uploads\/2012\/12\/centro-cultural-internacional-oscar-niemeyer-450x300.jpg 450w\" sizes=\"auto, (max-width: 980px) 100vw, 980px\" \/><figcaption id=\"caption-attachment-164\" class=\"wp-caption-text\">Centro cultural internacional Oscar Niemeyer de Avil\u00e9s<\/figcaption><\/figure>\n<p>Asistente y colaborador de Le Corbusier durante a\u00f1os, represent\u00f3 un punto de ruptura en el movimiento moderno imperante de la primera mitad del siglo XX. El maestro no tard\u00f3 en contaminar los postulados racionalistas basados en la funcionalidad de los espacios con elementos est\u00e9ticos que encontraban en la curva su m\u00e1xima expresi\u00f3n.<\/p>\n<p>El otro Niemeyer, el pensador multidisciplinar, el comunista ut\u00f3pico, desarroll\u00f3 una agitada militancia pol\u00edtica que lo llev\u00f3 a intimar con Fidel Castro y Hugo Ch\u00e1vez. No desaprovechaba la oportunidad de expresar su preocupaci\u00f3n por la desigualdad y las injusticias en el planeta.<\/p>\n<p><em>Fuente: El Pa\u00eds<\/em><\/p>\n<p><strong>RECURSOS:<\/strong><\/p>\n<ul>\n<li><a href=\"http:\/\/www.niemeyer.org.br\/\" target=\"_blank\">Web Oscar Niemeyer<\/a><\/li>\n<li><a href=\"http:\/\/cultura.elpais.com\/cultura\/2012\/05\/03\/album\/1336032769_944094.html#1336032769_944094_1336036463\" target=\"_blank\">Fotogaler\u00eda: Niemeyer, obra y retrato de un genio del siglo XX<\/a><\/li>\n<li><a href=\"http:\/\/cultura.elpais.com\/cultura\/2009\/12\/17\/album\/1261004401_910215.html#1261004401_910215_0000000000\" target=\"_blank\">Fotogaler\u00eda: Las ondulaciones de Niemeyer<\/a><\/li>\n<li><a href=\"http:\/\/www.niemeyercenter.org\/\" target=\"_blank\">Centro Cultural Oscar Niemeyer de Avil\u00e9s<\/a><\/li>\n<\/ul>\n","protected":false},"excerpt":{"rendered":"<p>Ahora que acabamos el a\u00f1o, y echando un poco la vista atr\u00e1s nos hemos dado cuenta que en nuestro blog nos faltaba la menci\u00f3n de un personaje muy importante en el mundo de la arquitectura. El arquitecto brasile\u00f1o Oscar Niemeyer nos dejaba a sus casi 105 a\u00f1os el pasado 5 de diciembre.<\/p>\n","protected":false},"author":9,"featured_media":0,"comment_status":"open","ping_status":"closed","sticky":false,"template":"","format":"standard","meta":{"footnotes":""},"categories":[33],"tags":[151],"class_list":["post-160","post","type-post","status-publish","format-standard","hentry","category-arquitectura","tag-oscar-niemeyer"],"_links":{"self":[{"href":"https:\/\/www.nbventacan.com\/blog\/wp-json\/wp\/v2\/posts\/160","targetHints":{"allow":["GET"]}}],"collection":[{"href":"https:\/\/www.nbventacan.com\/blog\/wp-json\/wp\/v2\/posts"}],"about":[{"href":"https:\/\/www.nbventacan.com\/blog\/wp-json\/wp\/v2\/types\/post"}],"author":[{"embeddable":true,"href":"https:\/\/www.nbventacan.com\/blog\/wp-json\/wp\/v2\/users\/9"}],"replies":[{"embeddable":true,"href":"https:\/\/www.nbventacan.com\/blog\/wp-json\/wp\/v2\/comments?post=160"}],"version-history":[{"count":5,"href":"https:\/\/www.nbventacan.com\/blog\/wp-json\/wp\/v2\/posts\/160\/revisions"}],"predecessor-version":[{"id":605,"href":"https:\/\/www.nbventacan.com\/blog\/wp-json\/wp\/v2\/posts\/160\/revisions\/605"}],"wp:attachment":[{"href":"https:\/\/www.nbventacan.com\/blog\/wp-json\/wp\/v2\/media?parent=160"}],"wp:term":[{"taxonomy":"category","embeddable":true,"href":"https:\/\/www.nbventacan.com\/blog\/wp-json\/wp\/v2\/categories?post=160"},{"taxonomy":"post_tag","embeddable":true,"href":"https:\/\/www.nbventacan.com\/blog\/wp-json\/wp\/v2\/tags?post=160"}],"curies":[{"name":"wp","href":"https:\/\/api.w.org\/{rel}","templated":true}]}}