{"id":101,"date":"2012-09-26T09:35:03","date_gmt":"2012-09-26T07:35:03","guid":{"rendered":"http:\/\/www.ventacan.com\/blog\/?p=101"},"modified":"2015-03-18T11:59:36","modified_gmt":"2015-03-18T10:59:36","slug":"e_ven","status":"publish","type":"post","link":"https:\/\/www.nbventacan.com\/blog\/e_ven\/","title":{"rendered":"e-ven, dise\u00f1o conceptual en aluminio"},"content":{"rendered":"<p>Nuestra oficina t\u00e9cnica <strong><em>e-ven<\/em><\/strong> surge de las necesidades propias de nuestra l\u00ednea de producci\u00f3n de mobiliario de aluminio. Nuestra inquietud por diferenciarnos de lo establecido hasta el momento y darle un valor a\u00f1adido a nuestro producto, cuidando hasta el \u00faltimo detalle, nos impuls\u00f3 a crear un nuevo concepto de oficina t\u00e9cnica, pionero en el sector.<\/p>\n<figure id=\"attachment_104\" aria-describedby=\"caption-attachment-104\" style=\"width: 800px\" class=\"wp-caption alignnone\"><img loading=\"lazy\" decoding=\"async\" class=\" wp-image-104 \" title=\"Equipo e-ven\" src=\"http:\/\/www.ventacan.com\/blog\/wp-content\/uploads\/2012\/09\/equipo_even.jpg\" alt=\"\" width=\"800\" height=\"776\" srcset=\"https:\/\/www.nbventacan.com\/blog\/wp-content\/uploads\/2012\/09\/equipo_even.jpg 800w, https:\/\/www.nbventacan.com\/blog\/wp-content\/uploads\/2012\/09\/equipo_even-300x291.jpg 300w, https:\/\/www.nbventacan.com\/blog\/wp-content\/uploads\/2012\/09\/equipo_even-309x300.jpg 309w\" sizes=\"auto, (max-width: 800px) 100vw, 800px\" \/><figcaption id=\"caption-attachment-104\" class=\"wp-caption-text\">los miembros de e-ven<\/figcaption><\/figure>\n<p><!--more-->Disponemos de un <strong>equipo multidisciplinar<\/strong> compuesto actualmente por Carles Calatayud, dise\u00f1ador industrial; Carmina P\u00e9rez, dise\u00f1adora de interiores; Juan E. Sempere, arquitecto t\u00e9cnico; Miguel P\u00e9rez, Ingeniero de Caminos, Canales y Puertos; Fran Asensio, coordinador t\u00e9cnico con una amplia experiencia en la empresa; y Jos\u00e9 Asensio, coordinador de proyectos y responsable de I+D+I. Todos ellos combinan su ilusi\u00f3n por el proyecto con su af\u00e1n de crecimiento d\u00eda a d\u00eda, en un ambiente din\u00e1mico de trabajo, con un constante intercambio de ideas y sinergias entre las diferentes disciplinas.<\/p>\n<p>Para nosotros, una de las claves a la hora de realizar cualquier trabajo es el <strong>contacto directo con el cliente<\/strong>, pensando y apostando siempre por un producto innovador y a la vez funcional. Por ello, hemos puesto en marcha una linea de investigaci\u00f3n y desarrollo para ofrecer una mayor calidad en cada uno de los proyectos. Es as\u00ed como surge el sistema de uni\u00f3n de perfiler\u00eda propio de la empresa.<\/p>\n<p>Le hemos dado una importancia m\u00e1xima al <strong>dise\u00f1o<\/strong> y la presentaci\u00f3n final y con ello hemos creado una nueva imagen de empresa, adaptada a las actuales tendencias y por la que queremos que se nos conozca. Una nueva l\u00ednea clara y minimalista, siguiendo la m\u00e1xima de \u201cmenos es m\u00e1s\u201d y decant\u00e1ndonos por elementos m\u00e1s limpios y sencillos. Ese purismo estructural es el que da vida a nuestros proyectos, enfocados hacia una visi\u00f3n sostenible, tema que para nosotros es de vital importancia.<\/p>\n<p>Esta nueva imagen nos lleva a la renovaci\u00f3n de la p\u00e1gina web y la presencia cada vez mayor en las redes sociales. Un canal de comunicaci\u00f3n con nuestro entorno a trav\u00e9s del cual poder mostrar la filosof\u00eda y trabajos de la empresa y conocer la opini\u00f3n de nuestros clientes.<\/p>\n<figure id=\"attachment_102\" aria-describedby=\"caption-attachment-102\" style=\"width: 960px\" class=\"wp-caption alignnone\"><img loading=\"lazy\" decoding=\"async\" class=\" wp-image-102\" title=\"Ventacan Madrid\" src=\"http:\/\/www.ventacan.com\/blog\/wp-content\/uploads\/2012\/09\/ventacan_madrid.jpg\" alt=\"\" width=\"960\" height=\"720\" srcset=\"https:\/\/www.nbventacan.com\/blog\/wp-content\/uploads\/2012\/09\/ventacan_madrid.jpg 960w, https:\/\/www.nbventacan.com\/blog\/wp-content\/uploads\/2012\/09\/ventacan_madrid-300x225.jpg 300w, https:\/\/www.nbventacan.com\/blog\/wp-content\/uploads\/2012\/09\/ventacan_madrid-400x300.jpg 400w\" sizes=\"auto, (max-width: 960px) 100vw, 960px\" \/><figcaption id=\"caption-attachment-102\" class=\"wp-caption-text\">expositor dise\u00f1ado por e-ven para el showroom de Madrid<\/figcaption><\/figure>\n<p>Todav\u00eda es corta la trayectoria en cuanto a trabajos, pero cabe destacar la realizaci\u00f3n de nuestros <strong>showrooms<\/strong>, a trav\u00e9s de los que se pretende transmitir una imagen de contemporaneidad. La idea principal es atraer la atenci\u00f3n del espectador sobre el producto. Partiendo de esta base, se ve necesario el dise\u00f1o de un nuevo elemento expositivo que se diferencie de los que hasta el momento se hab\u00edan visto en el mercado. Un <strong>expositor in\u00e9dito<\/strong> que nos permitiera ofrecer al cliente una visi\u00f3n total del producto, en este caso las ventanas, y que ocupara el menor espacio posible.<\/p>\n<p>El resultado es una composici\u00f3n de marcos de aluminio anclados a un sistema de gu\u00edas (suelo y techo) que sirven como soporte para dar a conocer al cliente las diferentes ventanas y carpinter\u00edas, al tiempo que es un escaparate din\u00e1mico hacia el exterior. Surge tambi\u00e9n la idea de proyectar un cubo auxiliar que nos permitiera mostrar productos m\u00e1s peque\u00f1os como secciones, detalles o cat\u00e1logos, y al mismo tiempo servir como \u00e1rea para atender a un posible comprador. Utilizando los materiales propios de la empresa se logra crear algo representativo de ella.<\/p>\n<p>Verdaderamente fue un desaf\u00edo para nosotros el hecho de dise\u00f1ar y equipar \u00edntegramente el primer showroom de la empresa <strong>en Madrid<\/strong>. La primera toma de contacto con el local, de planta totalmente irregular y bastante deteriorada por el hecho de estar ubicada en el centro hist\u00f3rico de la ciudad, supuso un reto importante para nosotros. Aprovechando estos peque\u00f1os desniveles e irregularidades, finalmente conseguimos adaptar el espacio a lo que se nos propuso, dando paso a un ambiente totalmente vanguardista, sin perder ese toque hist\u00f3rico que le confieren las paredes de piedra originales.<\/p>\n<figure id=\"attachment_103\" aria-describedby=\"caption-attachment-103\" style=\"width: 960px\" class=\"wp-caption alignnone\"><img loading=\"lazy\" decoding=\"async\" class=\" wp-image-103\" title=\"Mesa Lagoa\" src=\"http:\/\/www.ventacan.com\/blog\/wp-content\/uploads\/2012\/09\/mesa_lagoa.jpg\" alt=\"\" width=\"960\" height=\"720\" srcset=\"https:\/\/www.nbventacan.com\/blog\/wp-content\/uploads\/2012\/09\/mesa_lagoa.jpg 960w, https:\/\/www.nbventacan.com\/blog\/wp-content\/uploads\/2012\/09\/mesa_lagoa-300x225.jpg 300w, https:\/\/www.nbventacan.com\/blog\/wp-content\/uploads\/2012\/09\/mesa_lagoa-400x300.jpg 400w\" sizes=\"auto, (max-width: 960px) 100vw, 960px\" \/><figcaption id=\"caption-attachment-103\" class=\"wp-caption-text\">Mesa Lagoa, en aluminio y cristal y madera<\/figcaption><\/figure>\n<p>En la realizaci\u00f3n de <strong>mobiliario de interior<\/strong> hemos combinado adem\u00e1s el aluminio con otros materiales como la madera o el vidrio. Se conciben siempre elementos sencillos que escapan de cualquier tipo de ornamento y son reducidos a lo m\u00e1s b\u00e1sico. S\u00f3lo lo necesario para un correcto funcionamiento del mueble. De este modo hemos realizado mobiliario a medida para prestigiosas marcas del sector textil as\u00ed como estanter\u00edas, mesas o vestidores para particulares.<\/p>\n","protected":false},"excerpt":{"rendered":"<p>Nuestra oficina t\u00e9cnica e-ven surge de las necesidades propias de nuestra l\u00ednea de producci\u00f3n de mobiliario de aluminio. Nuestra inquietud por diferenciarnos de lo establecido hasta el momento y darle un valor a\u00f1adido a nuestro producto, cuidando hasta el \u00faltimo detalle, nos impuls\u00f3 a crear un nuevo concepto de oficina t\u00e9cnica, pionero en el sector.<\/p>\n","protected":false},"author":9,"featured_media":0,"comment_status":"open","ping_status":"closed","sticky":false,"template":"","format":"standard","meta":{"footnotes":""},"categories":[9],"tags":[98,23,25,26],"class_list":["post-101","post","type-post","status-publish","format-standard","hentry","category-ventacan","tag-diseno","tag-e-ven","tag-interiorismo","tag-minimal"],"_links":{"self":[{"href":"https:\/\/www.nbventacan.com\/blog\/wp-json\/wp\/v2\/posts\/101","targetHints":{"allow":["GET"]}}],"collection":[{"href":"https:\/\/www.nbventacan.com\/blog\/wp-json\/wp\/v2\/posts"}],"about":[{"href":"https:\/\/www.nbventacan.com\/blog\/wp-json\/wp\/v2\/types\/post"}],"author":[{"embeddable":true,"href":"https:\/\/www.nbventacan.com\/blog\/wp-json\/wp\/v2\/users\/9"}],"replies":[{"embeddable":true,"href":"https:\/\/www.nbventacan.com\/blog\/wp-json\/wp\/v2\/comments?post=101"}],"version-history":[{"count":7,"href":"https:\/\/www.nbventacan.com\/blog\/wp-json\/wp\/v2\/posts\/101\/revisions"}],"predecessor-version":[{"id":611,"href":"https:\/\/www.nbventacan.com\/blog\/wp-json\/wp\/v2\/posts\/101\/revisions\/611"}],"wp:attachment":[{"href":"https:\/\/www.nbventacan.com\/blog\/wp-json\/wp\/v2\/media?parent=101"}],"wp:term":[{"taxonomy":"category","embeddable":true,"href":"https:\/\/www.nbventacan.com\/blog\/wp-json\/wp\/v2\/categories?post=101"},{"taxonomy":"post_tag","embeddable":true,"href":"https:\/\/www.nbventacan.com\/blog\/wp-json\/wp\/v2\/tags?post=101"}],"curies":[{"name":"wp","href":"https:\/\/api.w.org\/{rel}","templated":true}]}}